{"id":74269,"date":"2024-05-04T18:33:55","date_gmt":"2024-05-04T16:33:55","guid":{"rendered":"https:\/\/jugulajm.net\/?p=74269"},"modified":"2024-05-04T18:34:15","modified_gmt":"2024-05-04T16:34:15","slug":"ministri-balla-dronet-bajraktar-do-perdoren-per-kanabisin-dhe-ndertimet-pa-leje-ndaj","status":"publish","type":"post","link":"https:\/\/jugulajm.net\/?p=74269","title":{"rendered":"Ministri Balla: Dronet &#8220;Bajraktar&#8221; do p\u00ebrdoren p\u00ebr kanabisin dhe nd\u00ebrtimet pa leje, ndaj&#8230;"},"content":{"rendered":"<p>Ministri i Brendsh\u00ebm Taulant Balla, gjat\u00eb nj\u00eb takimi n\u00eb Hor\u00eb-Vranisht, Bashkia Himar\u00eb, bashk\u00eb me Prefektin e Vlor\u00ebs Vangjel Tavo dhe K\u00ebshillin Vendor t\u00eb Siguris\u00eb Publike u takuam me banor\u00ebt e zon\u00ebs p\u00ebr t\u00eb forcuar bashk\u00ebpunimin kund\u00ebr kultivimit t\u00eb l\u00ebnd\u00ebve narkotike.<\/p>\n<p>Gjat\u00eb fjal\u00ebs s\u00eb tij, Balla u ndal te fenomeni i kanabisit duke th\u00ebn\u00eb se fotografimet dhe pamjet e dron\u00ebve do t\u2019i p\u00ebrdorin p\u00ebr t\u00eb luftuar k\u00ebt\u00eb fenomen, por shtoi gjithashtu se do t\u00eb p\u00ebrdoren dhe p\u00ebr nd\u00ebrtimet pa leje.<\/p>\n<p><em>\u201cFotografimet dhe pamjet e drom\u00ebve do t\u2019i p\u00ebrdorim, qoft\u00eb n\u00eb luft\u00ebn kund\u00ebr kultivimit t\u00eb kanabisit, por p\u00ebr fat t\u00eb mir\u00eb do t\u2019i p\u00ebrdorim edhe kund\u00ebr nd\u00ebrtimeve pa leje. P\u00ebr t\u00eb dh\u00ebn\u00eb nj\u00eb p\u00ebrgjigje p\u00ebrfundimtare ndaj gjithkujt q\u00eb ende nuk ka v\u00ebn\u00eb mend, se nuk mund t\u00eb nd\u00ebrtohet m\u00eb pa leje. E k\u00ebtu nuk po flas p\u00ebr riparimet e \u00e7ative q\u00eb t\u00eb jem i qart\u00eb ia kam b\u00ebr\u00eb me dije drejtor\u00ebve t\u00eb drejtorive vendore t\u00eb Policis\u00eb dhe po ia p\u00ebrs\u00ebris, qeveria i ka marr\u00eb masat dhe i ka leht\u00ebsuar procedurat maksimalisht kur nj\u00eb familje do t\u00eb riparoj\u00eb nj\u00eb \u00e7ati dhe SPZ nuk ka nevoj\u00eb m\u00eb t\u00eb merren me k\u00ebt\u00eb pun\u00eb. Mjaft m\u00eb me historit\u00eb e \u00e7ative t\u00eb fshatit, merruni me kultivimin e kanabisit, merruni me nd\u00ebrtimet pa leje n\u00eb bregdet. Mos u merrni as me stane as me muret rrethuese t\u00eb sht\u00ebpive. K\u00ebta k\u00ebtu, din\u00eb t\u2019i qajn\u00eb muret rrethuese. I b\u00ebjn\u00eb me gur\u00eb, i b\u00ebjn\u00eb pa \u00e7imento, i b\u00ebjn\u00eb pa beton\u201d,<\/em> tha Balla.<\/p>\n<p>Ministri shtoi se fotografimi q\u00eb do t\u00eb b\u00ebhet nga ajri n\u00eb m\u00ebnyr\u00eb t\u00eb vazhdueshme p\u00ebrmes edhe mjeteve ajrore t\u00eb GdF edhe dron\u00ebve \u2018Bajraktar\u2019 nxjerr zbuluar gjithk\u00ebnd.<\/p>\n","protected":false},"excerpt":{"rendered":"<p>Ministri i Brendsh\u00ebm Taulant Balla, gjat\u00eb nj\u00eb takimi n\u00eb Hor\u00eb-Vranisht, Bashkia Himar\u00eb, bashk\u00eb me Prefektin e Vlor\u00ebs Vangjel Tavo dhe K\u00ebshillin Vendor t\u00eb Siguris\u00eb Publike u takuam me banor\u00ebt e zon\u00ebs p\u00ebr t\u00eb forcuar bashk\u00ebpunimin kund\u00ebr kultivimit t\u00eb l\u00ebnd\u00ebve narkotike. Gjat\u00eb fjal\u00ebs s\u00eb tij, Balla u ndal te fenomeni i kanabisit duke th\u00ebn\u00eb se fotografimet [&hellip;]<\/p>\n","protected":false},"author":5,"featured_media":62844,"comment_status":"closed","ping_status":"closed","sticky":false,"template":"","format":"standard","meta":{"footnotes":""},"categories":[1,6332,29228],"tags":[30844,23585],"class_list":{"0":"post-74269","1":"post","2":"type-post","3":"status-publish","4":"format-standard","5":"has-post-thumbnail","7":"category-aktualitet","8":"category-te-fundit","9":"category-vendi","10":"tag-ministri-balla-dronet-bajraktar-do-perdoren-per-kanabisin-dhe-ndertimet-pa-leje","11":"tag-ndaj"},"_links":{"self":[{"href":"https:\/\/jugulajm.net\/index.php?rest_route=\/wp\/v2\/posts\/74269","targetHints":{"allow":["GET"]}}],"collection":[{"href":"https:\/\/jugulajm.net\/index.php?rest_route=\/wp\/v2\/posts"}],"about":[{"href":"https:\/\/jugulajm.net\/index.php?rest_route=\/wp\/v2\/types\/post"}],"author":[{"embeddable":true,"href":"https:\/\/jugulajm.net\/index.php?rest_route=\/wp\/v2\/users\/5"}],"replies":[{"embeddable":true,"href":"https:\/\/jugulajm.net\/index.php?rest_route=%2Fwp%2Fv2%2Fcomments&post=74269"}],"version-history":[{"count":0,"href":"https:\/\/jugulajm.net\/index.php?rest_route=\/wp\/v2\/posts\/74269\/revisions"}],"wp:featuredmedia":[{"embeddable":true,"href":"https:\/\/jugulajm.net\/index.php?rest_route=\/wp\/v2\/media\/62844"}],"wp:attachment":[{"href":"https:\/\/jugulajm.net\/index.php?rest_route=%2Fwp%2Fv2%2Fmedia&parent=74269"}],"wp:term":[{"taxonomy":"category","embeddable":true,"href":"https:\/\/jugulajm.net\/index.php?rest_route=%2Fwp%2Fv2%2Fcategories&post=74269"},{"taxonomy":"post_tag","embeddable":true,"href":"https:\/\/jugulajm.net\/index.php?rest_route=%2Fwp%2Fv2%2Ftags&post=74269"}],"curies":[{"name":"wp","href":"https:\/\/api.w.org\/{rel}","templated":true}]}}