{"id":74234,"date":"2024-05-03T19:45:44","date_gmt":"2024-05-03T17:45:44","guid":{"rendered":"https:\/\/jugulajm.net\/?p=74234"},"modified":"2024-05-03T19:45:44","modified_gmt":"2024-05-03T17:45:44","slug":"aksident-benz-i-perplas-bicikleten-humb-jeten-drejtuesi-50-vjecar","status":"publish","type":"post","link":"https:\/\/jugulajm.net\/?p=74234","title":{"rendered":"Aksident, &#8220;Benz-i&#8221; p\u00ebrplas bi\u00e7iklet\u00ebn, humb jet\u00ebn drejtuesi 50-vje\u00e7ar"},"content":{"rendered":"<p>Nj\u00eb 50-vje\u00e7ar q\u00eb udh\u00ebtonte me bi\u00e7iklet\u00eb ka humbur jet\u00ebn si pasoj\u00eb e nj\u00eb aksidenti automobilistik n\u00eb Durr\u00ebs.<\/p>\n<p>Ngjarja ndodhi kur nj\u00eb automjet tip &#8220;Benz&#8221; fluturoi me shpejt\u00ebsi, duke kaluar trafikndar\u00ebsen e m\u00eb pas p\u00ebrplasi nj\u00eb motomjet dhe nj\u00eb bi\u00e7iklet\u00eb, ku udh\u00ebtonte viktima me iniciale F.GJ dhe m\u00eb pas p\u00ebrfundoi n\u00eb nj\u00eb lavazh.<\/p>\n<p><strong>Njoftimi i policis\u00eb:<\/strong><\/p>\n<p>Rreth or\u00ebs 17:30, n\u00eb lagjen 14\/1 Durr\u00ebs, nj\u00eb automjet me drejtues shtetasin L. Z, \u00ebsht\u00eb p\u00ebrfshir\u00eb n\u00eb nj\u00eb aksident me nj\u00eb motomjet me drejtues shtetasin Sh. S, dhe nj\u00eb bi\u00e7iklist shtetasin F. Gj. Si pasoj\u00eb e p\u00ebrplasjes ka humbur jet\u00ebn shtetasi F.Gj, rreth 50 vje\u00e7.<\/p>\n<p>Drejtuesi i automjetit shtetasi L. Z, \u00ebsht\u00eb larguar nga vendi i ngjarjes dhe vijon puna p\u00ebr kapjen e tij. Grupi hetimor ndodhet n\u00eb vendngjarje dhe n\u00ebn drejtimin e Prokuroris\u00eb\u00a0 po punon p\u00ebr sqarimin e rrethanave dhe shkakut\u00a0 t\u00eb aksidentit.<\/p>\n","protected":false},"excerpt":{"rendered":"<p>Nj\u00eb 50-vje\u00e7ar q\u00eb udh\u00ebtonte me bi\u00e7iklet\u00eb ka humbur jet\u00ebn si pasoj\u00eb e nj\u00eb aksidenti automobilistik n\u00eb Durr\u00ebs. Ngjarja ndodhi kur nj\u00eb automjet tip &#8220;Benz&#8221; fluturoi me shpejt\u00ebsi, duke kaluar trafikndar\u00ebsen e m\u00eb pas p\u00ebrplasi nj\u00eb motomjet dhe nj\u00eb bi\u00e7iklet\u00eb, ku udh\u00ebtonte viktima me iniciale F.GJ dhe m\u00eb pas p\u00ebrfundoi n\u00eb nj\u00eb lavazh. Njoftimi i policis\u00eb: [&hellip;]<\/p>\n","protected":false},"author":5,"featured_media":72950,"comment_status":"closed","ping_status":"closed","sticky":false,"template":"","format":"standard","meta":{"footnotes":""},"categories":[1,6332,29228],"tags":[30829,6868,30830],"class_list":{"0":"post-74234","1":"post","2":"type-post","3":"status-publish","4":"format-standard","5":"has-post-thumbnail","7":"category-aktualitet","8":"category-te-fundit","9":"category-vendi","10":"tag-benz-i-perplas-bicikleten","11":"tag-aksident","12":"tag-humb-jeten-drejtuesi-50-vjecar"},"_links":{"self":[{"href":"https:\/\/jugulajm.net\/index.php?rest_route=\/wp\/v2\/posts\/74234","targetHints":{"allow":["GET"]}}],"collection":[{"href":"https:\/\/jugulajm.net\/index.php?rest_route=\/wp\/v2\/posts"}],"about":[{"href":"https:\/\/jugulajm.net\/index.php?rest_route=\/wp\/v2\/types\/post"}],"author":[{"embeddable":true,"href":"https:\/\/jugulajm.net\/index.php?rest_route=\/wp\/v2\/users\/5"}],"replies":[{"embeddable":true,"href":"https:\/\/jugulajm.net\/index.php?rest_route=%2Fwp%2Fv2%2Fcomments&post=74234"}],"version-history":[{"count":0,"href":"https:\/\/jugulajm.net\/index.php?rest_route=\/wp\/v2\/posts\/74234\/revisions"}],"wp:featuredmedia":[{"embeddable":true,"href":"https:\/\/jugulajm.net\/index.php?rest_route=\/wp\/v2\/media\/72950"}],"wp:attachment":[{"href":"https:\/\/jugulajm.net\/index.php?rest_route=%2Fwp%2Fv2%2Fmedia&parent=74234"}],"wp:term":[{"taxonomy":"category","embeddable":true,"href":"https:\/\/jugulajm.net\/index.php?rest_route=%2Fwp%2Fv2%2Fcategories&post=74234"},{"taxonomy":"post_tag","embeddable":true,"href":"https:\/\/jugulajm.net\/index.php?rest_route=%2Fwp%2Fv2%2Ftags&post=74234"}],"curies":[{"name":"wp","href":"https:\/\/api.w.org\/{rel}","templated":true}]}}