{"id":74201,"date":"2024-05-02T19:58:02","date_gmt":"2024-05-02T17:58:02","guid":{"rendered":"https:\/\/jugulajm.net\/?p=74201"},"modified":"2024-05-02T19:59:27","modified_gmt":"2024-05-02T17:59:27","slug":"vizita-e-rames-kathimerini-qeveria-greke-i-ka-kerkuar-te-mos-vije-dhe","status":"publish","type":"post","link":"https:\/\/jugulajm.net\/?p=74201","title":{"rendered":"Vizita e Ram\u00ebs\/ \u2018Kathimerini\u2019: Qeveria greke i ka k\u00ebrkuar t\u00eb mos vij\u00eb dhe&#8230;"},"content":{"rendered":"<p>Gazeta greke \u2018Kathimerini\u2019 shkruan se mbetet ende e paqart\u00eb n\u00ebse do t\u00eb lejohet kryeministri shqiptar Edi Rama t\u00eb futet n\u00eb Athin\u00eb.<\/p>\n<p>T\u00eb diel\u00ebn, m\u00eb 12 maj \u00ebsht\u00eb planifikuar t&#8217;i drejtohet nj\u00eb tubimi emigrant\u00ebsh shqiptar\u00eb. Fillimisht tubimi ishte planifikuar t\u00eb mbahej n\u00eb stadiumin e mbyllur t\u00eb Galatsit, por s\u00eb fundmi Bashkia hoqi lejen q\u00eb kishte dh\u00ebn\u00eb fillimisht, p\u00ebr shkak t\u00eb aktiviteteve t\u00eb tjera q\u00eb jan\u00eb planifikuar.<\/p>\n<p>Ndaj, mbetet p\u00ebr t&#8217;u par\u00eb n\u00ebse dhe ku do t\u00eb zhvendoset p\u00ebr zotin Rama ngjarja e emigrant\u00ebve shqiptar\u00eb, shkruan\u00a0<a href=\"https:\/\/www.kathimerini.gr\/politics\/563007598\/to-paraskinio-tis-episkepsis-rama-stin-athina\/\">Kathimerini<\/a>.<\/p>\n<p>Pala greke ende nuk ka nj\u00eb protokoll. Sipas Kathimerini, Ministria e Jashtme \u00ebsht\u00eb informuar p\u00ebr vizit\u00ebn e Ram\u00ebs, por ka refuzuar p\u00ebrgatitjet p\u00ebr nj\u00eb pritje t\u00eb kryeministrit shqiptar.<\/p>\n<p>\u201cZ. Rama njoftoi jozyrtarisht synimin e tij p\u00ebr t\u00eb vizituar Athin\u00ebn n\u00ebp\u00ebrmjet t\u00eb besuarit t\u00eb tij Endri Fuga, i cili ishte n\u00eb Greqi disa dit\u00eb m\u00eb par\u00eb. Ministria e Jashtme i b\u00ebri me dije t\u00eb besuarit t\u00eb zotit Rama se nisur nga faza parazgjedhore q\u00eb po kalon Greqia p\u00ebr shkak t\u00eb zgjedhjeve europiane, do t\u00eb ishte e preferueshme t\u00eb shtyhej p\u00ebr pas dat\u00ebs 9 qershor.<\/p>\n<p>Q\u00eb at\u00ebher\u00eb, ftesa e Athin\u00ebs \u00ebsht\u00eb shp\u00ebrfillur dhe kryeministri shqiptar thuhet se \u00ebsht\u00eb i vendosur p\u00ebr t\u00eb realizuar vizit\u00ebn\u201d, vazhdon Kathimerini.<\/p>\n<p>N\u00eb sfond t\u00eb vizit\u00ebs \u00ebsht\u00eb ajo q\u00eb ndodhi n\u00eb fushat\u00ebn e 14 Majit n\u00eb Shqip\u00ebri, kur kandidati i mb\u00ebshtetur nga Greqia n\u00eb Himar\u00eb, Fredi Beleri u burgos dy dit\u00eb para votimit p\u00ebr blerje votash.<\/p>\n<p>Media greke thot\u00eb se me fjal\u00ebt e tij, Rama mund t\u00eb nxis\u00eb m\u00eb tej konfliktin e brendsh\u00ebm politik dhe t\u00eb ndikoj\u00eb n\u00eb vot\u00ebn e emigrant\u00ebve shqiptar\u00eb.<\/p>\n<p>\u201cNisur nga atmosfera e ngarkuar me ngjarje t\u00eb Himar\u00ebs, udh\u00ebtimi i Ram\u00ebs mund t\u00eb nxis\u00eb konfliktin e brendsh\u00ebm politik, duke e ngritur lart \u00e7\u00ebshtjen Beleri n\u00eb axhend\u00ebn e debatit publik.<\/p>\n<p>Apo edhe t\u00eb provokoj\u00eb reagime nga elementi verior kontinental n\u00eb Athin\u00eb, gj\u00eb q\u00eb qeveria definitivisht nuk e d\u00ebshiron.<\/p>\n<p>Burime diplomatike n\u00eb Tiran\u00eb dhe Athin\u00eb theksuan se vizita e planifikuar mund t\u00eb ket\u00eb objektivisht elementin e shfaqjes s\u00eb forc\u00ebs, ku Rama tenton t\u00eb instrumentalizoj\u00eb vot\u00ebn n\u00eb zgjedhjet europiane t\u00eb dhjet\u00ebra mij\u00ebra emigrant\u00ebve shqiptar\u00eb q\u00eb kan\u00eb t\u00eb drejt\u00ebn ligjore p\u00ebr t\u00eb votuar si shtetas grek\u00eb, n\u00eb p\u00ebrgjigje t\u00eb kandidatur\u00ebs s\u00eb Belerit.<\/p>\n<p>Megjithat\u00eb, nj\u00eb ngjarje e till\u00eb, edhe n\u00ebse Rama i shmang referimet p\u00ebr zgjedhjet europiane, n\u00eb \u00e7do rast do t\u00eb p\u00ebrb\u00ebnte p\u00ebrfshirje indirekte n\u00eb proces\u201d, shkruan Kathimerini.<\/p>\n<p>Mbetet p\u00ebr t\u2019u par\u00eb n\u00ebse do t\u00eb ket\u00eb nj\u00eb axhend\u00eb zyrtare t\u00eb pritjes p\u00ebr kryeministrin shqiptar apo ai do t\u00eb refuzohet p\u00ebr shkak t\u00eb Fredi Belerit.<\/p>\n<p>Mitsotakis ka v\u00ebn\u00eb nj\u00eb bast t\u00eb rreziksh\u00ebm duke e futur Belerin n\u00eb listat e kandidat\u00ebve p\u00ebr zgjedhjet e Parlamentit Europian.<\/p>\n<p>Rama po k\u00ebrkon t\u2019i kthej\u00eb borxhin duke e v\u00ebn\u00eb n\u00eb prov\u00eb me nj\u00eb loj\u00eb nervash q\u00eb nis nga vizita e tij n\u00eb Athin\u00eb.<\/p>\n<p>N\u00eb analiz\u00ebn e Kathimerini, shkruhet se, duke qen\u00eb se nuk do t\u00eb ket\u00eb takime zyrtare, interesi nga vizita e Edi Ram\u00ebs n\u00eb Athin\u00eb \u00ebsht\u00eb p\u00ebrqendruar tek fjalimi i tij p\u00ebr shqiptar\u00ebt dhe tek referimet e pashmangshme p\u00ebr marr\u00ebdh\u00ebniet greko-shqiptare dhe minoritetin grek, me fokus zhvillimet n\u00eb Himar\u00eb.<\/p>\n<p>Ndjenja (arrogante) e t\u00eb qenit \u201ctriumfues\u201d n\u00eb \u201cBetej\u00ebn e Himar\u00ebs\u201d do ta shoq\u00ebroj\u00eb Edi Ram\u00ebn edhe n\u00eb Athin\u00eb.<\/p>\n","protected":false},"excerpt":{"rendered":"<p>Gazeta greke \u2018Kathimerini\u2019 shkruan se mbetet ende e paqart\u00eb n\u00ebse do t\u00eb lejohet kryeministri shqiptar Edi Rama t\u00eb futet n\u00eb Athin\u00eb. T\u00eb diel\u00ebn, m\u00eb 12 maj \u00ebsht\u00eb planifikuar t&#8217;i drejtohet nj\u00eb tubimi emigrant\u00ebsh shqiptar\u00eb. Fillimisht tubimi ishte planifikuar t\u00eb mbahej n\u00eb stadiumin e mbyllur t\u00eb Galatsit, por s\u00eb fundmi Bashkia hoqi lejen q\u00eb kishte dh\u00ebn\u00eb [&hellip;]<\/p>\n","protected":false},"author":5,"featured_media":51509,"comment_status":"closed","ping_status":"closed","sticky":false,"template":"","format":"standard","meta":{"footnotes":""},"categories":[1,7664,6332],"tags":[30810],"class_list":{"0":"post-74201","1":"post","2":"type-post","3":"status-publish","4":"format-standard","5":"has-post-thumbnail","7":"category-aktualitet","8":"category-bota","9":"category-te-fundit","10":"tag-vizita-e-rames-kathimerini-qeveria-greke-i-ka-kerkuar-te-mos-vije-dhe"},"_links":{"self":[{"href":"https:\/\/jugulajm.net\/index.php?rest_route=\/wp\/v2\/posts\/74201","targetHints":{"allow":["GET"]}}],"collection":[{"href":"https:\/\/jugulajm.net\/index.php?rest_route=\/wp\/v2\/posts"}],"about":[{"href":"https:\/\/jugulajm.net\/index.php?rest_route=\/wp\/v2\/types\/post"}],"author":[{"embeddable":true,"href":"https:\/\/jugulajm.net\/index.php?rest_route=\/wp\/v2\/users\/5"}],"replies":[{"embeddable":true,"href":"https:\/\/jugulajm.net\/index.php?rest_route=%2Fwp%2Fv2%2Fcomments&post=74201"}],"version-history":[{"count":0,"href":"https:\/\/jugulajm.net\/index.php?rest_route=\/wp\/v2\/posts\/74201\/revisions"}],"wp:featuredmedia":[{"embeddable":true,"href":"https:\/\/jugulajm.net\/index.php?rest_route=\/wp\/v2\/media\/51509"}],"wp:attachment":[{"href":"https:\/\/jugulajm.net\/index.php?rest_route=%2Fwp%2Fv2%2Fmedia&parent=74201"}],"wp:term":[{"taxonomy":"category","embeddable":true,"href":"https:\/\/jugulajm.net\/index.php?rest_route=%2Fwp%2Fv2%2Fcategories&post=74201"},{"taxonomy":"post_tag","embeddable":true,"href":"https:\/\/jugulajm.net\/index.php?rest_route=%2Fwp%2Fv2%2Ftags&post=74201"}],"curies":[{"name":"wp","href":"https:\/\/api.w.org\/{rel}","templated":true}]}}