{"id":74105,"date":"2024-04-30T16:39:26","date_gmt":"2024-04-30T14:39:26","guid":{"rendered":"https:\/\/jugulajm.net\/?p=74105"},"modified":"2024-04-30T16:39:26","modified_gmt":"2024-04-30T14:39:26","slug":"aksident-automjeti-perplas-bicikleten-plagoset-37-vjecari","status":"publish","type":"post","link":"https:\/\/jugulajm.net\/?p=74105","title":{"rendered":"Aksident, automjeti p\u00ebrplas bi\u00e7iklet\u00ebn, plagoset 37-vje\u00e7ari"},"content":{"rendered":"<p>Nj\u00eb aksident ka ndodhur pasditen e k\u00ebsaj t\u00eb marte n\u00eb Berat, n\u00eb vendin e quajtur \u201cIsh-rezervat e shtetit\u201d.<\/p>\n<p>Nj\u00eb makin\u00eb \u00ebsht\u00eb p\u00ebrplasur me nj\u00eb bi\u00e7iklet\u00eb, dhe si pasoj\u00eb ka mbetur i plagosur drejtuesi i k\u00ebsaj t\u00eb fundit.<\/p>\n<p>37-vje\u00e7ari \u00ebsht\u00eb transportuar me ambulanc\u00eb drejt Spitalit Rajonal t\u00eb Beratit, ku ndodhet n\u00ebn kujdesin e mjek\u00ebve, me fraktura n\u00eb k\u00ebmb\u00eb, nd\u00ebrsa shoferi i makin\u00ebs 30-vje\u00e7ari A.M, \u00ebsht\u00eb shoq\u00ebruar n\u00eb polici p\u00ebr veprime t\u00eb m\u00ebtejshme.<\/p>\n<p>Paraprakisht dyshohet se shkak p\u00ebr aksidentin ka q\u00ebn\u00eb shpejt\u00ebsia tej normave t\u00eb lejuara, nga shoferi i makin\u00ebs.<\/p>\n","protected":false},"excerpt":{"rendered":"<p>Nj\u00eb aksident ka ndodhur pasditen e k\u00ebsaj t\u00eb marte n\u00eb Berat, n\u00eb vendin e quajtur \u201cIsh-rezervat e shtetit\u201d. Nj\u00eb makin\u00eb \u00ebsht\u00eb p\u00ebrplasur me nj\u00eb bi\u00e7iklet\u00eb, dhe si pasoj\u00eb ka mbetur i plagosur drejtuesi i k\u00ebsaj t\u00eb fundit. 37-vje\u00e7ari \u00ebsht\u00eb transportuar me ambulanc\u00eb drejt Spitalit Rajonal t\u00eb Beratit, ku ndodhet n\u00ebn kujdesin e mjek\u00ebve, me fraktura [&hellip;]<\/p>\n","protected":false},"author":5,"featured_media":72950,"comment_status":"closed","ping_status":"closed","sticky":false,"template":"","format":"standard","meta":{"footnotes":""},"categories":[1,6332,29228],"tags":[6868,24308,30770],"class_list":{"0":"post-74105","1":"post","2":"type-post","3":"status-publish","4":"format-standard","5":"has-post-thumbnail","7":"category-aktualitet","8":"category-te-fundit","9":"category-vendi","10":"tag-aksident","11":"tag-automjeti-perplas-bicikleten","12":"tag-plagoset-37-vjecari"},"_links":{"self":[{"href":"https:\/\/jugulajm.net\/index.php?rest_route=\/wp\/v2\/posts\/74105","targetHints":{"allow":["GET"]}}],"collection":[{"href":"https:\/\/jugulajm.net\/index.php?rest_route=\/wp\/v2\/posts"}],"about":[{"href":"https:\/\/jugulajm.net\/index.php?rest_route=\/wp\/v2\/types\/post"}],"author":[{"embeddable":true,"href":"https:\/\/jugulajm.net\/index.php?rest_route=\/wp\/v2\/users\/5"}],"replies":[{"embeddable":true,"href":"https:\/\/jugulajm.net\/index.php?rest_route=%2Fwp%2Fv2%2Fcomments&post=74105"}],"version-history":[{"count":0,"href":"https:\/\/jugulajm.net\/index.php?rest_route=\/wp\/v2\/posts\/74105\/revisions"}],"wp:featuredmedia":[{"embeddable":true,"href":"https:\/\/jugulajm.net\/index.php?rest_route=\/wp\/v2\/media\/72950"}],"wp:attachment":[{"href":"https:\/\/jugulajm.net\/index.php?rest_route=%2Fwp%2Fv2%2Fmedia&parent=74105"}],"wp:term":[{"taxonomy":"category","embeddable":true,"href":"https:\/\/jugulajm.net\/index.php?rest_route=%2Fwp%2Fv2%2Fcategories&post=74105"},{"taxonomy":"post_tag","embeddable":true,"href":"https:\/\/jugulajm.net\/index.php?rest_route=%2Fwp%2Fv2%2Ftags&post=74105"}],"curies":[{"name":"wp","href":"https:\/\/api.w.org\/{rel}","templated":true}]}}