{"id":73987,"date":"2024-04-26T21:04:16","date_gmt":"2024-04-26T19:04:16","guid":{"rendered":"https:\/\/jugulajm.net\/?p=73987"},"modified":"2024-04-26T21:04:32","modified_gmt":"2024-04-26T19:04:32","slug":"video-violinisti-filmi-qe-regjisori-ia-kushton-vellait-te-tij-te-ndjere-skulptorit-gjirokastrit-arben-bajo","status":"publish","type":"post","link":"https:\/\/jugulajm.net\/?p=73987","title":{"rendered":"VIDEO\/ &#8216;\u2018Violinisti\u2019&#8217;, filmi q\u00eb regjisori ia kushton v\u00ebllait t\u00eb tij t\u00eb ndjer\u00eb, skulptorit gjirokastrit Arben Bajo"},"content":{"rendered":"<p>Pas Tiran\u00ebs, filmi \u201cViolinisti\u201d i Saimir Bajos, prezantohet n\u00eb Gjirokast\u00ebr ku u xhirua. I inspiruar nga f\u00ebmij\u00ebria e dy v\u00ebllez\u00ebrve artist\u00eb, premiera mbahet n\u00eb munges\u00eb fizike t\u00eb Arben Bajos, s\u00eb ndar\u00eb nga jeta n\u00eb 2020-\u00ebn, po n\u00eb at\u00eb vit kur u realizuan xhirimet.<\/p>\n<p>Me filmin \u201cViolinisti\u201d Saimir Bajo kthehet n\u00eb f\u00ebmij\u00ebrin\u00eb e tij t\u00eb hershme, kur n\u00eb k\u00ebrkim t\u00eb lidhjeve me muzik\u00ebn, gjen nj\u00eb dashuri m\u00eb t\u00eb madhe, kineman\u00eb. Rikrijon tablon\u00eb familjare n\u00eb sht\u00ebpin\u00eb e tyre n\u00eb Gjirokast\u00ebr. Me kostumografin\u00eb, arredimin, mizasenat p\u00ebrpiqet t\u00eb udh\u00ebtoj\u00eb pas n\u00eb koh\u00ebn e diktatur\u00ebs&#8230;<\/p>\n<div class=\"ads_desktop\">\n<p>\u201cKy film \u00ebsht\u00eb nj\u00eb memorie, me cop\u00ebza t\u00eb vogla t\u00eb f\u00ebmij\u00ebris\u00eb kur isha i vog\u00ebl 5-vje\u00e7\u201d, shprehet Saimir Bajo, regjisor dhe skenarist.<\/p>\n<\/div>\n<p>Filmi, artistikisht i dramatizuar, \u00a0u prezantua fillimisht n\u00eb Qendr\u00ebn e Artit \u201cAgimi\u201d n\u00eb Tiran\u00eb\u201d e n\u00eb mes jav\u00eb n\u00eb Gjirokast\u00ebr. Ideja p\u00ebr realizimin e tij \u00ebsht\u00eb e kahershme. Konkretizimi n\u00eb xhirime n\u00eb vitin 2020 p\u00ebrkon me ndarjen e parakohshme nga jeta t\u00eb t\u00eb v\u00ebllait, skulptorit Arben Bajo. Dy v\u00ebllez\u00ebrit Bajo n\u00eb f\u00ebmij\u00ebrin\u00eb e tyre, vijn\u00eb p\u00ebrmes interpretimit t\u00eb Fjordi Sejfos dhe Vangjel Kondilit. \u00cbsht\u00eb e v\u00ebshtir\u00eb p\u00ebr Saimirin prezantimi n\u00eb munges\u00eb t\u00eb Arbenit, q\u00eb ky film e rikthen n\u00eb mosh\u00eb t\u00eb hershme me dashurin\u00eb e talentin p\u00ebr artin n\u00eb t\u00eb gjith\u00eb format e tij.<\/p>\n<p>\u201cN\u00eb fakt ky \u00ebsht\u00eb nj\u00eb film dhe nj\u00eb skenar q\u00eb duhet ta xhiroja n\u00eb gusht t\u00eb vitit 2020. N\u00eb at\u00eb koh\u00eb kisha ardhur n\u00eb Tiran\u00eb p\u00ebr t\u00eb b\u00ebr\u00eb p\u00ebrgatitjet e filmit dhe q\u00ebndrova 10 dit\u00eb me Benin&#8230; (p\u00ebrlotet). Dhe deri n\u00eb dit\u00ebt e fundit kemi diskutuar me Benin disa skena q\u00eb filmi i ka si p\u00ebr shembull skena e anten\u00ebs me f\u00ebmij\u00ebt q\u00eb nuk e kisha n\u00eb skenar\u201d, tregon m\u00eb tej Bajo.<\/p>\n<p>N\u00eb sall\u00ebn e mbushur plot, prania e n\u00ebn\u00ebs n\u00eb radh\u00ebt e spektator\u00ebve ia shton emocionet. I biri e sjell t\u00eb portretizuar n\u00eb film mes interpretimit t\u00eb Mirela Nask\u00ebs.<\/p>\n<p>\u201cDua t\u2019i shpreh mir\u00ebnjohjen t\u00eb shtrenjt\u00ebs, n\u00ebn\u00ebs sime. Pasi, n\u00eb at\u00eb moment t\u00eb ikjes tragjike t\u00eb Benit, n\u00eb m\u00ebnyr\u00eb t\u00eb parakohshme, n\u00ebna ime e fort\u00eb fisnike, e bukur, nj\u00eb jav\u00eb pasi Beni u nda me ne fizikisht&#8230; jav\u00ebn e dyt\u00eb erdhi n\u00eb Gjirokast\u00ebr mes stafin e filmit dhe u b\u00eb nj\u00eb ndihmes\u00eb e madhe p\u00ebr t\u00eb gjith\u00eb ne\u201d, tregon regjisori.<\/p>\n<p>Gjat\u00eb premier\u00ebs s\u00eb filmit n\u00eb Gjirokast\u00ebr, artistit t\u00eb ndjer\u00eb, Arben Bajo iu akordua titulli \u201cQytetar Nderi i Gjirokastr\u00ebs\u201d.<\/p>\n<div class=\"image_wrapp\"><iframe loading=\"lazy\" id=\"youtube-player\" title=\"\u2018Violinisti\u2019\/ F\u00ebmij\u00ebria e Arbenit dhe Saimirit n\u00eb film, Bajo p\u00ebrlotet n\u00eb premier\u00eb p\u00ebr t\u00eb v\u00ebllan\u00eb\" src=\"https:\/\/www.youtube.com\/embed\/XjLBmJYdTaM?rel=0&amp;loop=1&amp;enablejsapi=1&amp;origin=https%3A%2F%2Fshqiptarja.com&amp;widgetid=1\" width=\"780\" height=\"440\" frameborder=\"0\" allowfullscreen=\"allowfullscreen\" data-gtm-yt-inspected-7=\"true\" data-gtm-yt-inspected-14=\"true\" data-mce-fragment=\"1\"><\/iframe><\/div>\n","protected":false},"excerpt":{"rendered":"<p>Pas Tiran\u00ebs, filmi \u201cViolinisti\u201d i Saimir Bajos, prezantohet n\u00eb Gjirokast\u00ebr ku u xhirua. I inspiruar nga f\u00ebmij\u00ebria e dy v\u00ebllez\u00ebrve artist\u00eb, premiera mbahet n\u00eb munges\u00eb fizike t\u00eb Arben Bajos, s\u00eb ndar\u00eb nga jeta n\u00eb 2020-\u00ebn, po n\u00eb at\u00eb vit kur u realizuan xhirimet. Me filmin \u201cViolinisti\u201d Saimir Bajo kthehet n\u00eb f\u00ebmij\u00ebrin\u00eb e tij t\u00eb hershme, [&hellip;]<\/p>\n","protected":false},"author":5,"featured_media":73988,"comment_status":"closed","ping_status":"closed","sticky":false,"template":"","format":"standard","meta":{"footnotes":""},"categories":[7665,6332],"tags":[30713,30714,30712],"class_list":{"0":"post-73987","1":"post","2":"type-post","3":"status-publish","4":"format-standard","5":"has-post-thumbnail","7":"category-art","8":"category-te-fundit","9":"tag-filmi-qe-regjisori-ia-kushton-vellait-te-tij-te-ndjere","10":"tag-skulptorit-gjirokastrit-arben-bajo","11":"tag-video-violinisti"},"_links":{"self":[{"href":"https:\/\/jugulajm.net\/index.php?rest_route=\/wp\/v2\/posts\/73987","targetHints":{"allow":["GET"]}}],"collection":[{"href":"https:\/\/jugulajm.net\/index.php?rest_route=\/wp\/v2\/posts"}],"about":[{"href":"https:\/\/jugulajm.net\/index.php?rest_route=\/wp\/v2\/types\/post"}],"author":[{"embeddable":true,"href":"https:\/\/jugulajm.net\/index.php?rest_route=\/wp\/v2\/users\/5"}],"replies":[{"embeddable":true,"href":"https:\/\/jugulajm.net\/index.php?rest_route=%2Fwp%2Fv2%2Fcomments&post=73987"}],"version-history":[{"count":0,"href":"https:\/\/jugulajm.net\/index.php?rest_route=\/wp\/v2\/posts\/73987\/revisions"}],"wp:featuredmedia":[{"embeddable":true,"href":"https:\/\/jugulajm.net\/index.php?rest_route=\/wp\/v2\/media\/73988"}],"wp:attachment":[{"href":"https:\/\/jugulajm.net\/index.php?rest_route=%2Fwp%2Fv2%2Fmedia&parent=73987"}],"wp:term":[{"taxonomy":"category","embeddable":true,"href":"https:\/\/jugulajm.net\/index.php?rest_route=%2Fwp%2Fv2%2Fcategories&post=73987"},{"taxonomy":"post_tag","embeddable":true,"href":"https:\/\/jugulajm.net\/index.php?rest_route=%2Fwp%2Fv2%2Ftags&post=73987"}],"curies":[{"name":"wp","href":"https:\/\/api.w.org\/{rel}","templated":true}]}}