{"id":73970,"date":"2024-04-26T14:29:24","date_gmt":"2024-04-26T12:29:24","guid":{"rendered":"https:\/\/jugulajm.net\/?p=73970"},"modified":"2024-04-26T14:29:24","modified_gmt":"2024-04-26T12:29:24","slug":"biznesmeni-nga-saranda-denohet-me-burg-ndertoi-pallatin-7-katesh-dhe-u-arratis-per-2-vite","status":"publish","type":"post","link":"https:\/\/jugulajm.net\/?p=73970","title":{"rendered":"Biznesmeni nga Saranda d\u00ebnohet me burg, nd\u00ebrtoi pallatin 7-kat\u00ebsh dhe u arratis p\u00ebr 2 vite"},"content":{"rendered":"<p>Gjykata e Sarand\u00ebs ka d\u00ebnuar me 2 vite burg biznesmenin Pando Papu\u00e7i, i akuzuar p\u00ebr \u201cnd\u00ebrtim t\u00eb paligjsh\u00ebm\u201d.<\/p>\n<p>Gjithashtu, Gjykata ka vendosur k\u00ebt\u00eb t\u00eb premte dhe konfiskimin e pallatit 7-kat\u00ebsh dhe kalimin n\u00eb favor t\u00eb shtetit t\u00eb k\u00ebtij objekti i cili ndodhet n\u00eb hyrje t\u00eb qytetit t\u00eb Sarand\u00ebs.<\/p>\n<p>Prokuroria kishte k\u00ebrkuar 5 vite burg p\u00ebr Papu\u00e7in, mir\u00ebpo gjyqtarja, Edona Vajushi, vendosi t\u00eb rr\u00ebzonte k\u00ebrkes\u00ebn e Prokuroris\u00eb, duke e d\u00ebnuar biznesmenin me tre vite burg dhe n\u00eb aplikim t\u00eb gjykimit t\u00eb shkurtuar me dy vite burg.<\/p>\n<p>D\u00ebnimi sipas vendimit, duhet t\u00eb kryhet n\u00eb nj\u00eb burg t\u00eb siguris\u00eb s\u00eb zakonshme.<\/p>\n<p>Vajushi gjithashtu vendosi edhe konfiskimin dhe kalimin n\u00eb favor t\u00eb shtetit t\u00eb pallatit 7 kat\u00ebsh dhe d\u00ebnimin e shoq\u00ebris\u00eb \u201c2P-SJ\u201d me \u201cmbarimin e personit juridik\u201d.<\/p>\n<p>Tashm\u00eb pritet vendimi i Gjykat\u00ebs s\u00eb Apelit p\u00ebr t\u00eb marr\u00eb form\u00eb t\u00eb prer\u00eb vendimi si p\u00ebr Papu\u00e7iun, ashtu edhe p\u00ebr objektin e firm\u00ebn e nd\u00ebrtimit.<\/p>\n<p>Pando Papu\u00e7i, biznesmen dhe nd\u00ebrtues n\u00eb qytetin e Sarand\u00ebs, \u00ebsht\u00eb vet\u00ebdor\u00ebzuar n\u00eb shkurt t\u00eb k\u00ebtij viti, pas gati dy vitesh n\u00eb arrati. 68-vje\u00e7ari akuzohet p\u00ebr nd\u00ebrtimin e paligjsh\u00ebm t\u00eb nj\u00eb pallati 7 kat\u00ebsh n\u00eb qytetin bregdetar, q\u00eb \u00e7oi dhe n\u00eb arrestimin e zyrtar\u00ebve t\u00eb IMT-s\u00eb n\u00eb Sarand\u00eb.<\/p>\n","protected":false},"excerpt":{"rendered":"<p>Gjykata e Sarand\u00ebs ka d\u00ebnuar me 2 vite burg biznesmenin Pando Papu\u00e7i, i akuzuar p\u00ebr \u201cnd\u00ebrtim t\u00eb paligjsh\u00ebm\u201d. Gjithashtu, Gjykata ka vendosur k\u00ebt\u00eb t\u00eb premte dhe konfiskimin e pallatit 7-kat\u00ebsh dhe kalimin n\u00eb favor t\u00eb shtetit t\u00eb k\u00ebtij objekti i cili ndodhet n\u00eb hyrje t\u00eb qytetit t\u00eb Sarand\u00ebs. Prokuroria kishte k\u00ebrkuar 5 vite burg p\u00ebr [&hellip;]<\/p>\n","protected":false},"author":5,"featured_media":43926,"comment_status":"closed","ping_status":"closed","sticky":false,"template":"","format":"standard","meta":{"footnotes":""},"categories":[1,6332,29228],"tags":[30700,30701],"class_list":{"0":"post-73970","1":"post","2":"type-post","3":"status-publish","4":"format-standard","5":"has-post-thumbnail","7":"category-aktualitet","8":"category-te-fundit","9":"category-vendi","10":"tag-biznesmeni-nga-saranda-denohet-me-burg","11":"tag-ndertoi-pallatin-7-katesh-dhe-u-arratis-per-2-vite"},"_links":{"self":[{"href":"https:\/\/jugulajm.net\/index.php?rest_route=\/wp\/v2\/posts\/73970","targetHints":{"allow":["GET"]}}],"collection":[{"href":"https:\/\/jugulajm.net\/index.php?rest_route=\/wp\/v2\/posts"}],"about":[{"href":"https:\/\/jugulajm.net\/index.php?rest_route=\/wp\/v2\/types\/post"}],"author":[{"embeddable":true,"href":"https:\/\/jugulajm.net\/index.php?rest_route=\/wp\/v2\/users\/5"}],"replies":[{"embeddable":true,"href":"https:\/\/jugulajm.net\/index.php?rest_route=%2Fwp%2Fv2%2Fcomments&post=73970"}],"version-history":[{"count":0,"href":"https:\/\/jugulajm.net\/index.php?rest_route=\/wp\/v2\/posts\/73970\/revisions"}],"wp:featuredmedia":[{"embeddable":true,"href":"https:\/\/jugulajm.net\/index.php?rest_route=\/wp\/v2\/media\/43926"}],"wp:attachment":[{"href":"https:\/\/jugulajm.net\/index.php?rest_route=%2Fwp%2Fv2%2Fmedia&parent=73970"}],"wp:term":[{"taxonomy":"category","embeddable":true,"href":"https:\/\/jugulajm.net\/index.php?rest_route=%2Fwp%2Fv2%2Fcategories&post=73970"},{"taxonomy":"post_tag","embeddable":true,"href":"https:\/\/jugulajm.net\/index.php?rest_route=%2Fwp%2Fv2%2Ftags&post=73970"}],"curies":[{"name":"wp","href":"https:\/\/api.w.org\/{rel}","templated":true}]}}