{"id":73924,"date":"2024-04-24T15:19:55","date_gmt":"2024-04-24T13:19:55","guid":{"rendered":"https:\/\/jugulajm.net\/?p=73924"},"modified":"2024-04-24T15:19:55","modified_gmt":"2024-04-24T13:19:55","slug":"paralajmeron-eksperti-tjeter-skandal-pritet-te-dale-ne-polici","status":"publish","type":"post","link":"https:\/\/jugulajm.net\/?p=73924","title":{"rendered":"Paralajm\u00ebron eksperti: Tjet\u00ebr skandal pritet t\u00eb dal\u00eb n\u00eb polici&#8230;"},"content":{"rendered":"<p>Ervin Karamu\u00e7o paralajm\u00ebron tjet\u00ebr &#8220;<em>furtun\u00eb<\/em>&#8221; n\u00eb Policin\u00eb e Shtetit.<\/p>\n<p>Pas nd\u00ebrhyrjes n\u00eb sistemin &#8220;TIMS&#8221;, profesori i njohur i Fakultetit t\u00eb Drejt\u00ebsis\u00eb ka b\u00ebr\u00eb me dije se nj\u00eb tjet\u00ebr skandal pritet t\u00eb dal\u00eb n\u00eb drit\u00eb n\u00eb dit\u00ebt n\u00eb vijim.<\/p>\n<p>B\u00ebhet fjal\u00eb p\u00ebr dh\u00ebnien e gradave p\u00ebr k\u00ebt\u00eb institucion t\u00eb r\u00ebnd\u00ebsish\u00ebm, ku sipas tij \u00ebsht\u00eb konsumuar vepra penale \u201c<em>Shp\u00ebrdorimi i Detyr\u00ebs\u201d<\/em>.<\/p>\n<p><em>\u201cPas Ngjarjes s\u00eb sh\u00ebmtuar t\u00eb vjedhjes s\u00eb t\u00eb dh\u00ebnave nga sistemi TIMS, nj\u00eb tjet\u00ebr skandal i madh pritet t\u00eb dal\u00eb n\u00eb drit\u00eb p\u00ebr Policin\u00eb e Shtetit. Shp\u00ebrdorimi i detyr\u00ebs n\u00eb dh\u00ebnien e gradave, do jet\u00eb nj\u00eb tjet\u00ebr dosje prokurorie\u201d, shkruante Karamu\u00e7o n\u00eb \u201cFacebook\u201d<\/em>-un e tij.<\/p>\n<p>Pritet t\u00eb shihet se \u00e7do t\u00eb ndodh\u00eb, nd\u00ebrsa kujtojm\u00eb q\u00eb p\u00ebr nd\u00ebrhyrjen n\u00eb sistemin TIMS \u00ebsht\u00eb marr\u00eb i pandehur, drejtori i IT-s\u00eb, Ervin Mu\u00e7a.<\/p>\n","protected":false},"excerpt":{"rendered":"<p>Ervin Karamu\u00e7o paralajm\u00ebron tjet\u00ebr &#8220;furtun\u00eb&#8221; n\u00eb Policin\u00eb e Shtetit. Pas nd\u00ebrhyrjes n\u00eb sistemin &#8220;TIMS&#8221;, profesori i njohur i Fakultetit t\u00eb Drejt\u00ebsis\u00eb ka b\u00ebr\u00eb me dije se nj\u00eb tjet\u00ebr skandal pritet t\u00eb dal\u00eb n\u00eb drit\u00eb n\u00eb dit\u00ebt n\u00eb vijim. B\u00ebhet fjal\u00eb p\u00ebr dh\u00ebnien e gradave p\u00ebr k\u00ebt\u00eb institucion t\u00eb r\u00ebnd\u00ebsish\u00ebm, ku sipas tij \u00ebsht\u00eb konsumuar vepra [&hellip;]<\/p>\n","protected":false},"author":5,"featured_media":52344,"comment_status":"closed","ping_status":"closed","sticky":false,"template":"","format":"standard","meta":{"footnotes":""},"categories":[1,6332,29228],"tags":[30676],"class_list":{"0":"post-73924","1":"post","2":"type-post","3":"status-publish","4":"format-standard","5":"has-post-thumbnail","7":"category-aktualitet","8":"category-te-fundit","9":"category-vendi","10":"tag-paralajmeron-eksperti-tjeter-skandal-pritet-te-dale-ne-polici"},"_links":{"self":[{"href":"https:\/\/jugulajm.net\/index.php?rest_route=\/wp\/v2\/posts\/73924","targetHints":{"allow":["GET"]}}],"collection":[{"href":"https:\/\/jugulajm.net\/index.php?rest_route=\/wp\/v2\/posts"}],"about":[{"href":"https:\/\/jugulajm.net\/index.php?rest_route=\/wp\/v2\/types\/post"}],"author":[{"embeddable":true,"href":"https:\/\/jugulajm.net\/index.php?rest_route=\/wp\/v2\/users\/5"}],"replies":[{"embeddable":true,"href":"https:\/\/jugulajm.net\/index.php?rest_route=%2Fwp%2Fv2%2Fcomments&post=73924"}],"version-history":[{"count":0,"href":"https:\/\/jugulajm.net\/index.php?rest_route=\/wp\/v2\/posts\/73924\/revisions"}],"wp:featuredmedia":[{"embeddable":true,"href":"https:\/\/jugulajm.net\/index.php?rest_route=\/wp\/v2\/media\/52344"}],"wp:attachment":[{"href":"https:\/\/jugulajm.net\/index.php?rest_route=%2Fwp%2Fv2%2Fmedia&parent=73924"}],"wp:term":[{"taxonomy":"category","embeddable":true,"href":"https:\/\/jugulajm.net\/index.php?rest_route=%2Fwp%2Fv2%2Fcategories&post=73924"},{"taxonomy":"post_tag","embeddable":true,"href":"https:\/\/jugulajm.net\/index.php?rest_route=%2Fwp%2Fv2%2Ftags&post=73924"}],"curies":[{"name":"wp","href":"https:\/\/api.w.org\/{rel}","templated":true}]}}