{"id":73899,"date":"2024-04-23T19:53:56","date_gmt":"2024-04-23T17:53:56","guid":{"rendered":"https:\/\/jugulajm.net\/?p=73899"},"modified":"2024-04-23T19:53:56","modified_gmt":"2024-04-23T17:53:56","slug":"austri-qelloi-te-dashuren-42-here-me-thike-flet-shqiptari-nuk-doja-ta-vrisja-por","status":"publish","type":"post","link":"https:\/\/jugulajm.net\/?p=73899","title":{"rendered":"Austri\/ Q\u00eblloi t\u00eb dashur\u00ebn  42 her\u00eb me thik\u00eb, flet shqiptari: Nuk doja ta vrisja, por&#8230;"},"content":{"rendered":"<p>40-vje\u00e7ari shqipatar i cili akuzohet p\u00ebr tentativ\u00eb vrasje, t\u00eb mart\u00ebn ka dal\u00eb para Gjykat\u00ebs Rajonale t\u00eb Vjen\u00ebs.<\/p>\n<p>Sipas aktakuz\u00ebs, shqiptari nga Kosova thuhet se koOa q\u00ebndruar n\u00eb nj\u00eb park p\u00ebrpara sht\u00ebpis\u00eb s\u00eb ish-t\u00eb dashur\u00ebs shqiptare nga Maqedonia e Veriut, e cila jeton n\u00eb Liesing \u2013 Vjen\u00eb, dhe m\u00eb pas e ka goditur me thik\u00e9.<\/p>\n<p>Ky akt kishte ndodhur nj\u00eb dit\u00eb para se ai t\u00eb kishte komunikim me ish t\u00eb dashur\u00ebn, duke i th\u00ebn\u00eb se: \u2018<em>Nuk do t\u00eb jetosh p\u00ebr t\u00eb par\u00eb dit\u00eblindjen t\u00ebnde m\u00eb 5 n\u00ebntor.<\/em>\u00a0<em>V\u00ebllai juaj do t\u00eb vendos\u00eb lule n\u00eb varrin t\u00ebnd\u2019.<\/em><\/p>\n<p>N\u00eb aktakuz\u00eb thuhet se shqiptari e\u00a0 kishte sulmuar nga pas n\u00eb oborr dhe e kishte goditur me thik\u00eb dymb\u00ebdhjet\u00eb her\u00eb n\u00eb qaf\u00eb, qaf\u00eb, fytyr\u00eb dhe shpin\u00eb.<\/p>\n<p><em>\u2018Kur tehu u shk\u00ebput, shqiptari ka kapur nj\u00eb ka\u00e7avid\u00eb dhe e ka goditur me t\u00eb edhe 30 her\u00eb t\u00eb tjera. Gruaja u kund\u00ebrp\u00ebrgjigj, madje n\u00eb nj\u00eb moment arriti t\u00eb shk\u00ebputet dhe t\u00eb vrapoj\u00eb jasht\u00eb n\u00eb drejtim t\u00eb trotuarit, ku i pandehuri e kapi dhe e sulmoi s\u00ebrish\u2019,<\/em>\u00a0thuhet n\u00eb aktakuz\u00eb.<\/p>\n","protected":false},"excerpt":{"rendered":"<p>40-vje\u00e7ari shqipatar i cili akuzohet p\u00ebr tentativ\u00eb vrasje, t\u00eb mart\u00ebn ka dal\u00eb para Gjykat\u00ebs Rajonale t\u00eb Vjen\u00ebs. Sipas aktakuz\u00ebs, shqiptari nga Kosova thuhet se koOa q\u00ebndruar n\u00eb nj\u00eb park p\u00ebrpara sht\u00ebpis\u00eb s\u00eb ish-t\u00eb dashur\u00ebs shqiptare nga Maqedonia e Veriut, e cila jeton n\u00eb Liesing \u2013 Vjen\u00eb, dhe m\u00eb pas e ka goditur me thik\u00e9. Ky [&hellip;]<\/p>\n","protected":false},"author":5,"featured_media":73900,"comment_status":"closed","ping_status":"closed","sticky":false,"template":"","format":"standard","meta":{"footnotes":""},"categories":[1,7664,6332],"tags":[30667,30668,21429],"class_list":{"0":"post-73899","1":"post","2":"type-post","3":"status-publish","4":"format-standard","5":"has-post-thumbnail","7":"category-aktualitet","8":"category-bota","9":"category-te-fundit","10":"tag-austri-qelloi-te-dashuren-42-here-me-thike","11":"tag-flet-shqiptari-nuk-doja-ta-vrisja","12":"tag-por"},"_links":{"self":[{"href":"https:\/\/jugulajm.net\/index.php?rest_route=\/wp\/v2\/posts\/73899","targetHints":{"allow":["GET"]}}],"collection":[{"href":"https:\/\/jugulajm.net\/index.php?rest_route=\/wp\/v2\/posts"}],"about":[{"href":"https:\/\/jugulajm.net\/index.php?rest_route=\/wp\/v2\/types\/post"}],"author":[{"embeddable":true,"href":"https:\/\/jugulajm.net\/index.php?rest_route=\/wp\/v2\/users\/5"}],"replies":[{"embeddable":true,"href":"https:\/\/jugulajm.net\/index.php?rest_route=%2Fwp%2Fv2%2Fcomments&post=73899"}],"version-history":[{"count":0,"href":"https:\/\/jugulajm.net\/index.php?rest_route=\/wp\/v2\/posts\/73899\/revisions"}],"wp:featuredmedia":[{"embeddable":true,"href":"https:\/\/jugulajm.net\/index.php?rest_route=\/wp\/v2\/media\/73900"}],"wp:attachment":[{"href":"https:\/\/jugulajm.net\/index.php?rest_route=%2Fwp%2Fv2%2Fmedia&parent=73899"}],"wp:term":[{"taxonomy":"category","embeddable":true,"href":"https:\/\/jugulajm.net\/index.php?rest_route=%2Fwp%2Fv2%2Fcategories&post=73899"},{"taxonomy":"post_tag","embeddable":true,"href":"https:\/\/jugulajm.net\/index.php?rest_route=%2Fwp%2Fv2%2Ftags&post=73899"}],"curies":[{"name":"wp","href":"https:\/\/api.w.org\/{rel}","templated":true}]}}