{"id":73869,"date":"2024-04-22T18:59:24","date_gmt":"2024-04-22T16:59:24","guid":{"rendered":"https:\/\/jugulajm.net\/?p=73869"},"modified":"2024-04-22T18:59:24","modified_gmt":"2024-04-22T16:59:24","slug":"emri-foto-rrefehet-shqiptarja-qe-u-rrembye-dhe-u-perdhunua-ne-itali","status":"publish","type":"post","link":"https:\/\/jugulajm.net\/?p=73869","title":{"rendered":"EMRI-FOTO\/ Rr\u00ebfehet shqiptarja q\u00eb u rr\u00ebmbye dhe u p\u00ebrdhunua n\u00eb Itali"},"content":{"rendered":"<p>Besjana Kosturi, vajza shqiptare e cila u rr\u00ebmbye dhe u p\u00ebrdhunua nga dy rumun n\u00eb Itali, ka treguar historin\u00eb e saj n\u00eb emisionin \u201cShqip\u00ebria Live\u201d.<\/p>\n<p>Besjana ka treguar se rr\u00ebmbimi ka ndodhur n\u00eb nj\u00eb pyll dhe ka arritur t\u00eb shp\u00ebtoj\u00eb duke i bindur q\u00eb do t\u2019iu siguronte nj\u00eb shum\u00eb t\u00eb konsiderueshm\u00eb parash.<\/p>\n<p>Gjithashtu ajo shtoi se duke biseduar me autorin kryesor ajo i \u00ebsht\u00eb shprehur se ishte dashuruar me t\u00eb dhe do t\u00eb krijonte nj\u00eb lidhje.<\/p>\n<p>\u201cIu futa n\u00eb mendje dhe duke folur me autorin kryesor i thash rri pa merak, nuk do t\u00eb denoncoj, do lidhemi bashk u detyrova t\u2019i shkoja pas filli q\u00eb t\u00eb aktroja\u201d, ka shtuar Besjana gjat\u00eb intervist\u00ebs.<\/p>\n<p>Autori kryesor ishte dhe ai i cili e kishte mbajtur n\u00eb nj\u00eb kasolle p\u00ebr 6 or\u00eb dhe kishte kryer p\u00ebrdhunimin e saj.<\/p>\n<p>Gjat\u00eb koh\u00ebs kur ata ishin duke biseduar Besjana ka treguar se nj\u00ebri prej autor\u00ebve ishte i dehur dhe arriti t\u2019a bindte p\u00ebr t\u00eb shkuar n\u00eb nj\u00eb lokal aty af\u00ebr dhe p\u00ebrfitoi nga rasti t\u00eb arratisej.<\/p>\n<p>Besjana gjithashtu ka treguar q\u00eb n\u00eb Itali rasti i saj u prit shum\u00eb m\u00eb ndryshe dhe m\u00eb civile se n\u00eb Shqip\u00ebri.<\/p>\n<p>\u201dNuk kam asnj\u00eb turp p\u00ebr \u00e7far\u00eb ka ndodhur aty se nuk kam asnj\u00eb faj dhe k\u00ebto ta ken\u00eb t\u00eb qart\u00eb se nuk kam p\u00ebr \u00e7\u2019a t\u00eb kem turp\u201d, shtoi m\u00eb tep\u00ebr Besjana.<\/p>\n<p>Gjat\u00eb intervist\u00ebs Besjana gjithashtu shtoi se duke menduar p\u00ebr t\u00eb atin ajo pati guximin t\u00eb vepronte n\u00eb at\u00eb m\u00ebnyr\u00eb.<\/p>\n<p>\u201dMendoja p\u00ebr babin tim jo se m\u00eb dhimbste jeta ime, por nuk doja q\u00eb babi t\u00eb qante p\u00ebr nj\u00eb vajz\u00eb q\u00eb isht\u00eb zhdukur\u201d, tha Besjana.<\/p>\n<p>Historia e Besian\u00ebs ka ndodhur n\u00eb 12 maj t\u00eb vitit 2016, kur vet\u00eb ajo dhe babai i saj ish-profesori Vldimir Kosturi, kan\u00eb b\u00ebr\u00eb publike ngjarjen n\u00eb m\u00ebnyr\u00eb edhe sensiibilizimi p\u00ebr \u00e7do vajz\u00eb e cila mund t\u00eb has\u00eb t\u00eb tilla fatkeq\u00ebsish n\u00eb jet\u00ebn e saj.<\/p>\n","protected":false},"excerpt":{"rendered":"<p>Besjana Kosturi, vajza shqiptare e cila u rr\u00ebmbye dhe u p\u00ebrdhunua nga dy rumun n\u00eb Itali, ka treguar historin\u00eb e saj n\u00eb emisionin \u201cShqip\u00ebria Live\u201d. Besjana ka treguar se rr\u00ebmbimi ka ndodhur n\u00eb nj\u00eb pyll dhe ka arritur t\u00eb shp\u00ebtoj\u00eb duke i bindur q\u00eb do t\u2019iu siguronte nj\u00eb shum\u00eb t\u00eb konsiderueshm\u00eb parash. Gjithashtu ajo shtoi [&hellip;]<\/p>\n","protected":false},"author":5,"featured_media":73870,"comment_status":"closed","ping_status":"closed","sticky":false,"template":"","format":"standard","meta":{"footnotes":""},"categories":[1,7664,6332],"tags":[30654],"class_list":{"0":"post-73869","1":"post","2":"type-post","3":"status-publish","4":"format-standard","5":"has-post-thumbnail","7":"category-aktualitet","8":"category-bota","9":"category-te-fundit","10":"tag-emri-foto-rrefehet-shqiptarja-qe-u-rrembye-dhe-u-perdhunua-ne-itali"},"_links":{"self":[{"href":"https:\/\/jugulajm.net\/index.php?rest_route=\/wp\/v2\/posts\/73869","targetHints":{"allow":["GET"]}}],"collection":[{"href":"https:\/\/jugulajm.net\/index.php?rest_route=\/wp\/v2\/posts"}],"about":[{"href":"https:\/\/jugulajm.net\/index.php?rest_route=\/wp\/v2\/types\/post"}],"author":[{"embeddable":true,"href":"https:\/\/jugulajm.net\/index.php?rest_route=\/wp\/v2\/users\/5"}],"replies":[{"embeddable":true,"href":"https:\/\/jugulajm.net\/index.php?rest_route=%2Fwp%2Fv2%2Fcomments&post=73869"}],"version-history":[{"count":0,"href":"https:\/\/jugulajm.net\/index.php?rest_route=\/wp\/v2\/posts\/73869\/revisions"}],"wp:featuredmedia":[{"embeddable":true,"href":"https:\/\/jugulajm.net\/index.php?rest_route=\/wp\/v2\/media\/73870"}],"wp:attachment":[{"href":"https:\/\/jugulajm.net\/index.php?rest_route=%2Fwp%2Fv2%2Fmedia&parent=73869"}],"wp:term":[{"taxonomy":"category","embeddable":true,"href":"https:\/\/jugulajm.net\/index.php?rest_route=%2Fwp%2Fv2%2Fcategories&post=73869"},{"taxonomy":"post_tag","embeddable":true,"href":"https:\/\/jugulajm.net\/index.php?rest_route=%2Fwp%2Fv2%2Ftags&post=73869"}],"curies":[{"name":"wp","href":"https:\/\/api.w.org\/{rel}","templated":true}]}}