{"id":73841,"date":"2024-04-21T22:11:14","date_gmt":"2024-04-21T20:11:14","guid":{"rendered":"https:\/\/jugulajm.net\/?p=73841"},"modified":"2024-04-21T22:11:14","modified_gmt":"2024-04-21T20:11:14","slug":"itali-58-vjecari-shqiptar-humbi-jeten-ne-pune-familja-duam-te-verteten-nga-hetimi","status":"publish","type":"post","link":"https:\/\/jugulajm.net\/?p=73841","title":{"rendered":"Itali\/ 58-vje\u00e7ari shqiptar humbi jet\u00ebn n\u00eb pun\u00eb, familja: Duam t\u00eb v\u00ebrtet\u00ebn nga hetimi"},"content":{"rendered":"<p>Kush hyn n\u00eb sht\u00ebpi i ofrohet nj\u00eb kafe e hidhur, tradit\u00eb e shqiptar\u00ebve. E hidhur sepse e till\u00eb \u00ebsht\u00eb edhe vdekja. Nj\u00eb histori emigracioni. Nj\u00eb histori p\u00ebrkushtimi, integrimi t\u00eb suksessh\u00ebm n\u00eb shoq\u00ebri, histori e nj\u00eb lumturie familjare, e nj\u00eb sigurie t\u00eb fituar me mund, me djers\u00eb dhe m\u00eb n\u00eb fund e arritur. Nj\u00eb histori vdekjeje n\u00eb pun\u00eb q\u00eb i dha nj\u00eb goditje t\u00eb gjith\u00ebve. \u00cbsht\u00eb historia e Abdulla Biskut, muratorit shqiptar, i martuar dhe baba i dy f\u00ebmij\u00ebve, i cili vdiq vet\u00ebm pak metra larg sht\u00ebpis\u00eb n\u00eb nj\u00eb kantier nd\u00ebrtimi n\u00eb Asola n\u00eb zon\u00ebn e Mantovas.<\/p>\n<p>Nj\u00eb tragjedi pa d\u00ebshmitar\u00eb. Abduli ka qen\u00eb nj\u00eb ekspert, nj\u00eb murator i aft\u00eb, i cili edhe pse n\u00eb mosh\u00ebn 58-vje\u00e7are ishte i shkath\u00ebt si n\u00eb rini. Ai po punonte n\u00eb prishjen e nj\u00eb galerie n\u00eb katin e par\u00eb t\u00eb nj\u00eb nd\u00ebrtese t\u00eb vjet\u00ebr n\u00eb zon\u00eb, disa qindra metra larg sht\u00ebpis\u00eb s\u00eb tij. Nd\u00ebrroi jet\u00eb vet\u00ebm, pasi kolegu q\u00eb punon me t\u00eb p\u00ebr heqjen e strukturave prej druri ishte larguar p\u00ebr nj\u00eb moment. Nj\u00eb nga trar\u00ebt q\u00eb mbante lart papafingon u thye. Bisku ra nga nj\u00eb lart\u00ebsi m\u00eb e madhe se tre metra. Askush nuk d\u00ebgjoi gj\u00eb. Goditi kok\u00ebn, nj\u00eb goditje e fort\u00eb q\u00eb duket se i mori jet\u00ebn menj\u00ebher\u00eb.<\/p>\n<p>Pas ngjarjes kan\u00eb nisur hetimet. Z\u00ebvend\u00ebs prokurorja e Mantov\u00ebs, Michela Gregorelli, ka hapur nj\u00eb dosje me hipotez\u00ebn e vepr\u00ebs penale t\u00eb vrasjes nga pakujdesia dhe shkelje t\u00eb nenit 148, p\u00ebr rregullat e siguris\u00eb ndaj pronarit t\u00eb kompanis\u00eb Edilcasa q\u00eb ishte pun\u00ebdh\u00ebn\u00ebsi i t\u00eb ndjerit. T\u00eb h\u00ebn\u00ebn do t\u00eb kryhet autopsia.<\/p>\n<p>Ka shum\u00eb \u201cpse\u201d n\u00eb k\u00ebt\u00eb histori.\u00a0<em>\u201cKantieri i nd\u00ebrtimit ka disa mang\u00ebsi si nga pik\u00ebpamja e projektimit t\u00eb punimeve ashtu edhe n\u00eb faz\u00ebn e nd\u00ebrtimit t\u00eb p\u00ebrkohsh\u00ebm t\u00eb punimeve ku mungonin skelat. Vendkalimi nga ku ndodhi r\u00ebnia nuk kishte parmak\u00eb. Por mbi t\u00eb gjitha nuk kishin marr\u00eb aspak parasysh se d\u00ebrrasat q\u00eb sh\u00ebrbenin si vendkalim ishin t\u00eb vjetra dhe nuk mund t\u00eb p\u00ebrballonin pesh\u00ebn e pun\u00ebtorit. Nuk duket t\u00eb ket\u00eb pasur rrip apo kokore\u201d,\u00a0<\/em>tha Alberto Righi, kreu i sh\u00ebrbimit t\u00eb parandalimit dhe siguris\u00eb n\u00eb vendin e pun\u00ebs.<\/p>\n<p>Fund i dhimbsh\u00ebm i nj\u00eb njeriu q\u00eb kishte gjetur n\u00eb Itali, nj\u00eb atdhe t\u00eb dyt\u00eb. N\u00eb vitin 1991, Bisku, i lindur n\u00eb Kavaj\u00eb, ishte nj\u00eb nga shum\u00eb njer\u00ebzit e d\u00ebshp\u00ebruar q\u00eb zbarkuan n\u00eb Brindisi me vark\u00eb. Pas disa muajsh, bashk\u00eb me pes\u00eb bashkatdhetar\u00eb shkuan n\u00eb Asola n\u00eb zon\u00ebn e Mantov\u00ebs. Ata ishin gjasht\u00eb pioner\u00ebt e par\u00eb t\u00eb nj\u00eb komuniteti shqiptar q\u00eb sot num\u00ebron rreth 500 vet\u00eb. Q\u00eb prej asaj kohe e 33 vite m\u00eb von\u00eb, jeta e tij do t\u00eb ishte n\u00eb Asola. Disa muaj m\u00eb von\u00eb, atij iu bashkua atje edhe Zambakja, e cila do t\u00eb b\u00ebhej m\u00eb von\u00eb gruaja e tij. Fal\u00eb dashuris\u00eb s\u00eb tyre lindi Aldi, djali i madh, tashm\u00eb 26 vje\u00e7 q\u00eb studion p\u00ebr inxhinieri dhe Adelina, 22 vje\u00e7e, e cila punon n\u00eb nj\u00eb fabrik\u00eb n\u00eb Gazoldo degli Ippoliti. Dal\u00ebngadal\u00eb, Abduli nd\u00ebrtoi sigurin\u00eb p\u00ebr veten dhe familjen e tij. Kat\u00ebr vite m\u00eb par\u00eb p\u00ebrfundoi sht\u00ebpin\u00eb n\u00eb Pieve Cadelora, t\u00eb cil\u00ebn e nd\u00ebrtoi me duart e tij, tull\u00eb pas tulle. Ishte streha e tij me gruan, dy f\u00ebmij\u00ebt dhe ku mbanin nj\u00eb qen e nj\u00eb mace. T\u00eb birit i injektoi dashurin\u00eb e tij edhe p\u00ebr Juventusin. N\u00eb kompanin\u00eb n\u00eb fjal\u00eb ai u pun\u00ebsua nj\u00eb vit m\u00eb par\u00eb. E shikonte si garanci shtes\u00eb p\u00ebr daljen m\u00eb pas n\u00eb pension.<\/p>\n<p>Pas tragjedis\u00eb Il Giorno foli me familjar\u00ebt e tij.\u00a0<em>\u201cBurri im kishte disa muaj q\u00eb punonte atje. Nuk kishte shfaqur ndonj\u00eb shqet\u00ebsim n\u00eb ve\u00e7anti. E vetmja lidhej me faktin se nd\u00ebrtesa ishte shum\u00eb e vjet\u00ebr. Ai ishte shum\u00eb i matur dhe i zoti n\u00eb pun\u00eb. N\u00eb mosh\u00ebn q\u00eb kishte ngjitej ende me shkatht\u00ebsin\u00eb e nj\u00eb maceje. Ai do t\u00eb punonte derisa t\u00eb arrinte mosh\u00ebn e pensionit. Vdiq kur ishte koha p\u00ebr t\u00eb shkuar n\u00eb sht\u00ebpi. Kjo banes\u00eb ishte \u00ebndrra e tij, donte me t\u00eb gjitha forcat q\u00eb ta p\u00ebrfundonte. Kemi qen\u00eb k\u00ebtu p\u00ebr kat\u00ebr vite e gjysm\u00eb. Pasi e blem\u00eb e rinovoi pjes\u00eb-pjes\u00eb. E kishte nd\u00ebrtuar si sht\u00ebpia ku jetonin m\u00eb par\u00eb n\u00eb Gazzuolo, nj\u00eb fshat n\u00eb Asola dhe si ajo n\u00eb Shqip\u00ebri. Ai do t\u00eb varroset atje, n\u00eb vendin e tij, k\u00ebt\u00eb d\u00ebshir\u00eb kishte\u201d,\u00a0<\/em>tha Zambakja.<\/p>\n<p>\u00c7far\u00eb pret familja e Abdulla Biskut nga hetimi?<\/p>\n<p><em>\u201cUn\u00eb di vet\u00ebm q\u00eb asgj\u00eb nuk mund t\u00eb ma kthej\u00eb burrin mbrapsht. Do t\u00eb jepja gjith\u00e7ka q\u00eb t\u00eb kthehej para se t\u00eb ndodhte kjo\u201d,<\/em>\u00a0shprehet bashk\u00ebshortja e shqiptarit.<\/p>\n<p><em>\u201cPresim t\u00eb v\u00ebrtet\u00ebn nga hetimi\u201d,<\/em>\u00a0p\u00ebrgjigjet i biri.<\/p>\n<p><em>\u201cN\u00eb vitin 2024 nuk duhet t\u00eb ket\u00eb m\u00eb vdekje n\u00eb pun\u00eb\u201d,<\/em>\u00a0thot\u00eb vajza e t\u00eb ndjerit.<\/p>\n<p><strong><em><a href=\"https:\/\/www.ilgiorno.it\/mantova\/cronaca\/abdulla-bisku-morto-asola-lbh6dn4p\"><mark class=\"has-inline-color has-vivid-red-color\">Shkrim nga Il Giorno<\/mark><\/a><\/em><\/strong><\/p>\n","protected":false},"excerpt":{"rendered":"<p>Kush hyn n\u00eb sht\u00ebpi i ofrohet nj\u00eb kafe e hidhur, tradit\u00eb e shqiptar\u00ebve. E hidhur sepse e till\u00eb \u00ebsht\u00eb edhe vdekja. Nj\u00eb histori emigracioni. Nj\u00eb histori p\u00ebrkushtimi, integrimi t\u00eb suksessh\u00ebm n\u00eb shoq\u00ebri, histori e nj\u00eb lumturie familjare, e nj\u00eb sigurie t\u00eb fituar me mund, me djers\u00eb dhe m\u00eb n\u00eb fund e arritur. Nj\u00eb histori vdekjeje [&hellip;]<\/p>\n","protected":false},"author":5,"featured_media":73842,"comment_status":"closed","ping_status":"closed","sticky":false,"template":"","format":"standard","meta":{"footnotes":""},"categories":[1,7664,6332],"tags":[30640,30639],"class_list":{"0":"post-73841","1":"post","2":"type-post","3":"status-publish","4":"format-standard","5":"has-post-thumbnail","7":"category-aktualitet","8":"category-bota","9":"category-te-fundit","10":"tag-familja-duam-te-verteten-nga-hetimi","11":"tag-itali-58-vjecari-shqiptar-humbi-jeten-ne-pune"},"_links":{"self":[{"href":"https:\/\/jugulajm.net\/index.php?rest_route=\/wp\/v2\/posts\/73841","targetHints":{"allow":["GET"]}}],"collection":[{"href":"https:\/\/jugulajm.net\/index.php?rest_route=\/wp\/v2\/posts"}],"about":[{"href":"https:\/\/jugulajm.net\/index.php?rest_route=\/wp\/v2\/types\/post"}],"author":[{"embeddable":true,"href":"https:\/\/jugulajm.net\/index.php?rest_route=\/wp\/v2\/users\/5"}],"replies":[{"embeddable":true,"href":"https:\/\/jugulajm.net\/index.php?rest_route=%2Fwp%2Fv2%2Fcomments&post=73841"}],"version-history":[{"count":0,"href":"https:\/\/jugulajm.net\/index.php?rest_route=\/wp\/v2\/posts\/73841\/revisions"}],"wp:featuredmedia":[{"embeddable":true,"href":"https:\/\/jugulajm.net\/index.php?rest_route=\/wp\/v2\/media\/73842"}],"wp:attachment":[{"href":"https:\/\/jugulajm.net\/index.php?rest_route=%2Fwp%2Fv2%2Fmedia&parent=73841"}],"wp:term":[{"taxonomy":"category","embeddable":true,"href":"https:\/\/jugulajm.net\/index.php?rest_route=%2Fwp%2Fv2%2Fcategories&post=73841"},{"taxonomy":"post_tag","embeddable":true,"href":"https:\/\/jugulajm.net\/index.php?rest_route=%2Fwp%2Fv2%2Ftags&post=73841"}],"curies":[{"name":"wp","href":"https:\/\/api.w.org\/{rel}","templated":true}]}}