{"id":73802,"date":"2024-04-20T16:07:55","date_gmt":"2024-04-20T14:07:55","guid":{"rendered":"https:\/\/jugulajm.net\/?p=73802"},"modified":"2024-04-20T16:07:55","modified_gmt":"2024-04-20T14:07:55","slug":"humbi-jeten-teksa-peshkonte-40-vjecari-percillet-ne-banesen-e-fundit","status":"publish","type":"post","link":"https:\/\/jugulajm.net\/?p=73802","title":{"rendered":"Humbi jet\u00ebn teksa peshkonte, 40-vje\u00e7ari p\u00ebrcillet n\u00eb banes\u00ebn e fundit"},"content":{"rendered":"<p>I gjetur n\u00eb brigjet kroate Aurel Ndoni, \u00ebsht\u00eb p\u00ebrcjell\u00eb sot p\u00ebr n\u00eb banes\u00ebn e fundit n\u00eb fshatin e lindjes, n\u00eb Grabjan t\u00eb Lushnjes.<\/p>\n<p>Lajmin e konfirmon p\u00ebr Top Channel babai i 40-vje\u00e7arit Aurel Ndoni, q\u00eb n\u00eb shkurt t\u00eb k\u00ebtij viti rr\u00ebshqiti n\u00eb det teksa po peshkonte s\u00eb bashku me v\u00ebllain e tij n\u00eb Porto Romano t\u00eb Durr\u00ebsit.<\/p>\n<p>Trupi\u00a0i tij ishte nxjerr\u00eb nga deti n\u00eb brigjet kroate disa koh\u00eb m\u00eb par\u00eb dhe q\u00ebndronte n\u00eb morg i paidentifikuar.<\/p>\n<p>Dit\u00ebt e fundit nj\u00eb sinjalizim ka mb\u00ebrritur pran\u00eb familjes s\u00eb Aurelit dhe i v\u00ebllai s\u00eb bashku me daj\u00ebn e tij kan\u00eb shkuar drejt Kroacis\u00eb p\u00ebr t\u00eb b\u00ebr\u00eb identifikimin dhe sjell\u00eb trupin n\u00eb atdhe.<\/p>\n<p>Mbr\u00ebmjen e fatkeq\u00ebsis\u00eb, m\u00eb 25 shkurt, deti ishte i trazuar dhe rrymat detare q\u00eb kan\u00eb qen\u00eb t\u00eb forta e kan\u00eb zhvendosur trupin e 40-vjeccarit drejt veriut, brigjeve dalmate.<\/p>\n<p>Me t\u00eb marr\u00eb njoftim policia kufitare dhe m\u00eb pas polumbar\u00ebt e RENEA-s u angazhuan n\u00eb nj\u00eb operacion k\u00ebrkim-shp\u00ebtimi.<\/p>\n<p>Edhe kur k\u00ebrkimet zyrtare u nd\u00ebrpren\u00eb, familja nuk reshti s\u00eb k\u00ebrkuari p\u00ebrgjat\u00eb t\u00eb gjith\u00eb vij\u00ebs bregdetare nga Shkodra deri n\u00eb Kavaj\u00eb, po pa rezultat deri dit\u00ebn e djeshme kur\u00a0 trupi i tij u kthye n\u00eb atdhe.<\/p>\n","protected":false},"excerpt":{"rendered":"<p>I gjetur n\u00eb brigjet kroate Aurel Ndoni, \u00ebsht\u00eb p\u00ebrcjell\u00eb sot p\u00ebr n\u00eb banes\u00ebn e fundit n\u00eb fshatin e lindjes, n\u00eb Grabjan t\u00eb Lushnjes. Lajmin e konfirmon p\u00ebr Top Channel babai i 40-vje\u00e7arit Aurel Ndoni, q\u00eb n\u00eb shkurt t\u00eb k\u00ebtij viti rr\u00ebshqiti n\u00eb det teksa po peshkonte s\u00eb bashku me v\u00ebllain e tij n\u00eb Porto Romano [&hellip;]<\/p>\n","protected":false},"author":5,"featured_media":73803,"comment_status":"closed","ping_status":"closed","sticky":false,"template":"","format":"standard","meta":{"footnotes":""},"categories":[1,6332],"tags":[30621,30620],"class_list":{"0":"post-73802","1":"post","2":"type-post","3":"status-publish","4":"format-standard","5":"has-post-thumbnail","7":"category-aktualitet","8":"category-te-fundit","9":"tag-40-vjecari-percillet-ne-banesen-e-fundit","10":"tag-humbi-jeten-teksa-peshkonte"},"_links":{"self":[{"href":"https:\/\/jugulajm.net\/index.php?rest_route=\/wp\/v2\/posts\/73802","targetHints":{"allow":["GET"]}}],"collection":[{"href":"https:\/\/jugulajm.net\/index.php?rest_route=\/wp\/v2\/posts"}],"about":[{"href":"https:\/\/jugulajm.net\/index.php?rest_route=\/wp\/v2\/types\/post"}],"author":[{"embeddable":true,"href":"https:\/\/jugulajm.net\/index.php?rest_route=\/wp\/v2\/users\/5"}],"replies":[{"embeddable":true,"href":"https:\/\/jugulajm.net\/index.php?rest_route=%2Fwp%2Fv2%2Fcomments&post=73802"}],"version-history":[{"count":0,"href":"https:\/\/jugulajm.net\/index.php?rest_route=\/wp\/v2\/posts\/73802\/revisions"}],"wp:featuredmedia":[{"embeddable":true,"href":"https:\/\/jugulajm.net\/index.php?rest_route=\/wp\/v2\/media\/73803"}],"wp:attachment":[{"href":"https:\/\/jugulajm.net\/index.php?rest_route=%2Fwp%2Fv2%2Fmedia&parent=73802"}],"wp:term":[{"taxonomy":"category","embeddable":true,"href":"https:\/\/jugulajm.net\/index.php?rest_route=%2Fwp%2Fv2%2Fcategories&post=73802"},{"taxonomy":"post_tag","embeddable":true,"href":"https:\/\/jugulajm.net\/index.php?rest_route=%2Fwp%2Fv2%2Ftags&post=73802"}],"curies":[{"name":"wp","href":"https:\/\/api.w.org\/{rel}","templated":true}]}}