{"id":73799,"date":"2024-04-20T15:12:13","date_gmt":"2024-04-20T13:12:13","guid":{"rendered":"https:\/\/jugulajm.net\/?p=73799"},"modified":"2024-04-20T15:12:13","modified_gmt":"2024-04-20T13:12:13","slug":"u-ribashkua-me-te-birin-pas-1-jave-flet-e-ema-e-3-vjecarit-falenderoj-shume","status":"publish","type":"post","link":"https:\/\/jugulajm.net\/?p=73799","title":{"rendered":"U ribashkua me t\u00eb birin pas 1 jave, flet e \u00ebma e 3-vje\u00e7arit: Falenderoj shum\u00eb&#8230;"},"content":{"rendered":"<p>E \u00ebma e 3-vje\u00e7arit n\u00eb Durr\u00ebs nuk pati shum\u00eb p\u00ebr t\u00eb th\u00ebn\u00eb pasi u ribashkua me t\u00eb birin pas rreth nj\u00eb jave q\u00eb kurse gjysh\u00ebrit e \u201crr\u00ebmbyen\u201d at\u00eb me q\u00ebllim p\u00ebr ta mbajtur vet\u00eb. \u201cShum\u00eb faleminderit policis\u00eb dhe mediave\u201d, tha gruaja.<\/p>\n<p>E pyetur nga gazetar\u00ebt n\u00ebse do t\u2019i lejonte gjysh\u00ebrit ta takonin s\u00ebrish f\u00ebmij\u00ebn, Ile Gjuni nuk pati ndonj\u00eb p\u00ebrgjigje konkrete. \u201cE di prokuroria, e di gjykata!\u201d, tha ajo<\/p>\n","protected":false},"excerpt":{"rendered":"<p>E \u00ebma e 3-vje\u00e7arit n\u00eb Durr\u00ebs nuk pati shum\u00eb p\u00ebr t\u00eb th\u00ebn\u00eb pasi u ribashkua me t\u00eb birin pas rreth nj\u00eb jave q\u00eb kurse gjysh\u00ebrit e \u201crr\u00ebmbyen\u201d at\u00eb me q\u00ebllim p\u00ebr ta mbajtur vet\u00eb. \u201cShum\u00eb faleminderit policis\u00eb dhe mediave\u201d, tha gruaja. E pyetur nga gazetar\u00ebt n\u00ebse do t\u2019i lejonte gjysh\u00ebrit ta takonin s\u00ebrish f\u00ebmij\u00ebn, Ile [&hellip;]<\/p>\n","protected":false},"author":5,"featured_media":73800,"comment_status":"closed","ping_status":"closed","sticky":false,"template":"","format":"standard","meta":{"footnotes":""},"categories":[1,6332,29228],"tags":[30619,30618],"class_list":{"0":"post-73799","1":"post","2":"type-post","3":"status-publish","4":"format-standard","5":"has-post-thumbnail","7":"category-aktualitet","8":"category-te-fundit","9":"category-vendi","10":"tag-flet-e-ema-e-3-vjecarit-falenderoj-shume","11":"tag-u-ribashkua-me-te-birin-pas-1-jave"},"_links":{"self":[{"href":"https:\/\/jugulajm.net\/index.php?rest_route=\/wp\/v2\/posts\/73799","targetHints":{"allow":["GET"]}}],"collection":[{"href":"https:\/\/jugulajm.net\/index.php?rest_route=\/wp\/v2\/posts"}],"about":[{"href":"https:\/\/jugulajm.net\/index.php?rest_route=\/wp\/v2\/types\/post"}],"author":[{"embeddable":true,"href":"https:\/\/jugulajm.net\/index.php?rest_route=\/wp\/v2\/users\/5"}],"replies":[{"embeddable":true,"href":"https:\/\/jugulajm.net\/index.php?rest_route=%2Fwp%2Fv2%2Fcomments&post=73799"}],"version-history":[{"count":0,"href":"https:\/\/jugulajm.net\/index.php?rest_route=\/wp\/v2\/posts\/73799\/revisions"}],"wp:featuredmedia":[{"embeddable":true,"href":"https:\/\/jugulajm.net\/index.php?rest_route=\/wp\/v2\/media\/73800"}],"wp:attachment":[{"href":"https:\/\/jugulajm.net\/index.php?rest_route=%2Fwp%2Fv2%2Fmedia&parent=73799"}],"wp:term":[{"taxonomy":"category","embeddable":true,"href":"https:\/\/jugulajm.net\/index.php?rest_route=%2Fwp%2Fv2%2Fcategories&post=73799"},{"taxonomy":"post_tag","embeddable":true,"href":"https:\/\/jugulajm.net\/index.php?rest_route=%2Fwp%2Fv2%2Ftags&post=73799"}],"curies":[{"name":"wp","href":"https:\/\/api.w.org\/{rel}","templated":true}]}}