{"id":73715,"date":"2024-04-17T16:37:49","date_gmt":"2024-04-17T14:37:49","guid":{"rendered":"https:\/\/jugulajm.net\/?p=73715"},"modified":"2024-04-17T16:38:25","modified_gmt":"2024-04-17T14:38:25","slug":"emri-ish-drejtori-i-ashk-se-sarande-lirohet-nga-gjykata-e-apelit","status":"publish","type":"post","link":"https:\/\/jugulajm.net\/?p=73715","title":{"rendered":"EMRI\/ Ish-drejtori i ASHK-s\u00eb Sarand\u00eb lirohet nga Gjykata e Apelit"},"content":{"rendered":"<p>Ish-drejtori i ASHK-s\u00eb Sarand\u00eb \u00ebsht\u00eb liruar dit\u00ebn e sotme nga Gjykata e Apelit.<\/p>\n<p>Ish-zyrtari i lart\u00eb i Agjencis\u00eb Shtet\u00ebrore t\u00eb Kadastr\u00ebs Sarand\u00eb q\u00ebndroi p\u00ebr 26 dit\u00eb n\u00eb burg, prej dit\u00ebs kur u vet\u00ebdor\u00ebzua n\u00eb Komisariatin e Sarand\u00ebs.<\/p>\n<p>Gjykata e Shkall\u00ebs s\u00eb Par\u00eb Sarand\u00eb ka caktuar ndaj tij mas\u00ebn e siguris\u00eb \u201cArrest n\u00eb burg\u201d p\u00ebr veprat penale \u201cnd\u00ebrtim i paligjsh\u00ebm\u201d dhe \u201cfalsifikim dokumentash\u201d pas k\u00ebrkes\u00ebs s\u00eb Prokuroris\u00eb s\u00eb Rrethit, e cila kishte l\u00ebshuar urdh\u00ebr ndalimi p\u00ebr Muratin dhe 10 zyrtar\u00eb dhe ish zyrtar\u00eb t\u00eb tjer\u00eb t\u00eb ASHK, Bashkis\u00eb dhe IKMT.<\/p>\n<p>Gjyqtari i \u00e7\u00ebshtjes ka ndryshuar vendimin e Gjykat\u00ebs s\u00eb Sarand\u00ebs, duke vendosur lirimin n\u00eb sall\u00eb t\u00eb gjyqit p\u00ebr 47-vjecarin.<\/p>\n<p>Mariel Murati, akuzohet se ka nd\u00ebrtuar pa leje nj\u00eb hotel 7 kat\u00ebsh, n\u00eb lagjen nr.4 t\u00eb Sarand\u00ebs dhe m\u00eb pas e ka legalizuar at\u00eb.<\/p>\n<p>M\u00eb pas, dyshohet se shtetasi M., ka paraqitur n\u00eb ASHK nj\u00eb akt-ekspertimi t\u00eb falsifikuar.<\/p>\n<p>Po sot n\u00eb Gjykat\u00ebn e Apelit Tiran\u00eb, u shqyrtua edhe masa e siguris\u00eb p\u00ebr 9 t\u00eb ndaluarit e tjer\u00eb t\u00eb operacionit t\u00eb nisur n\u00eb 13 mars.<\/p>\n","protected":false},"excerpt":{"rendered":"<p>Ish-drejtori i ASHK-s\u00eb Sarand\u00eb \u00ebsht\u00eb liruar dit\u00ebn e sotme nga Gjykata e Apelit. Ish-zyrtari i lart\u00eb i Agjencis\u00eb Shtet\u00ebrore t\u00eb Kadastr\u00ebs Sarand\u00eb q\u00ebndroi p\u00ebr 26 dit\u00eb n\u00eb burg, prej dit\u00ebs kur u vet\u00ebdor\u00ebzua n\u00eb Komisariatin e Sarand\u00ebs. Gjykata e Shkall\u00ebs s\u00eb Par\u00eb Sarand\u00eb ka caktuar ndaj tij mas\u00ebn e siguris\u00eb \u201cArrest n\u00eb burg\u201d p\u00ebr veprat [&hellip;]<\/p>\n","protected":false},"author":5,"featured_media":55673,"comment_status":"closed","ping_status":"closed","sticky":false,"template":"","format":"standard","meta":{"footnotes":""},"categories":[1,6332,29228],"tags":[30580,30581],"class_list":{"0":"post-73715","1":"post","2":"type-post","3":"status-publish","4":"format-standard","5":"has-post-thumbnail","7":"category-aktualitet","8":"category-te-fundit","9":"category-vendi","10":"tag-emri-ish-drejtori-i-ashk-se","11":"tag-ishk"},"_links":{"self":[{"href":"https:\/\/jugulajm.net\/index.php?rest_route=\/wp\/v2\/posts\/73715","targetHints":{"allow":["GET"]}}],"collection":[{"href":"https:\/\/jugulajm.net\/index.php?rest_route=\/wp\/v2\/posts"}],"about":[{"href":"https:\/\/jugulajm.net\/index.php?rest_route=\/wp\/v2\/types\/post"}],"author":[{"embeddable":true,"href":"https:\/\/jugulajm.net\/index.php?rest_route=\/wp\/v2\/users\/5"}],"replies":[{"embeddable":true,"href":"https:\/\/jugulajm.net\/index.php?rest_route=%2Fwp%2Fv2%2Fcomments&post=73715"}],"version-history":[{"count":0,"href":"https:\/\/jugulajm.net\/index.php?rest_route=\/wp\/v2\/posts\/73715\/revisions"}],"wp:featuredmedia":[{"embeddable":true,"href":"https:\/\/jugulajm.net\/index.php?rest_route=\/wp\/v2\/media\/55673"}],"wp:attachment":[{"href":"https:\/\/jugulajm.net\/index.php?rest_route=%2Fwp%2Fv2%2Fmedia&parent=73715"}],"wp:term":[{"taxonomy":"category","embeddable":true,"href":"https:\/\/jugulajm.net\/index.php?rest_route=%2Fwp%2Fv2%2Fcategories&post=73715"},{"taxonomy":"post_tag","embeddable":true,"href":"https:\/\/jugulajm.net\/index.php?rest_route=%2Fwp%2Fv2%2Ftags&post=73715"}],"curies":[{"name":"wp","href":"https:\/\/api.w.org\/{rel}","templated":true}]}}