{"id":73693,"date":"2024-04-16T14:33:23","date_gmt":"2024-04-16T12:33:23","guid":{"rendered":"https:\/\/jugulajm.net\/?p=73693"},"modified":"2024-04-16T14:33:23","modified_gmt":"2024-04-16T12:33:23","slug":"emrat-fotot-ishte-me-170-km-h-modelja-shqiptare-aksidentoi-per-vdekje-2-te-rinj","status":"publish","type":"post","link":"https:\/\/jugulajm.net\/?p=73693","title":{"rendered":"EMRAT-FOTOT\/ Ishte me 170 km\/h, modelja shqiptare aksidentoi p\u00ebr vdekje 2 t\u00eb rinj"},"content":{"rendered":"<p>Kroacia \u00ebsht\u00eb tronditur nga nj\u00eb ngjarja ku nj\u00eb 29-vje\u00e7are shqiptare ka shkaktuar nj\u00eb aksident me dy viktima n\u00eb zon\u00ebn e Ratacit.<\/p>\n<p>Modelja, Klevisa Ymeri, ka parakaluar ilegalisht n\u00eb zon\u00ebn e Ratacit dhe \u00ebsht\u00eb p\u00ebrplasur kok\u00eb m\u00eb kok\u00eb me nj\u00eb automjet n\u00eb t\u00eb cilin ndodheshin dy t\u00eb rinj, v\u00eblla dhe mot\u00ebr: 21-vje\u00e7ari Stjepan dhe 19-vje\u00e7arja Katarina Jerek.<\/p>\n<p><img decoding=\"async\" src=\"https:\/\/cdnimpuls.com\/liberale.al\/media3\/-900-0-1713269524ximg-5063-311.jpeg\" alt=\"FOTO\/ Me shpejt\u00ebsi 170 km\/h, kush \u00ebsht\u00eb MODELJA shqiptare q\u00eb\" width=\"100%\" data-size=\"x\" data-id=\"130705\" \/><\/p>\n<p>Shqiptarja ka qen\u00eb duke l\u00ebvizur me nj\u00eb fuoristrad\u00eb BMW me targa sllovake e me shpejt\u00ebsi gati 170 km\/h kur \u00ebsht\u00eb p\u00ebrplasur me makin\u00ebn e t\u00eb rinjve q\u00eb kan\u00eb humbur jet\u00ebn n\u00eb vendngjarje.<\/p>\n<p><img decoding=\"async\" src=\"https:\/\/cdnimpuls.com\/liberale.al\/media3\/-900-0-1713269525ximg-5064-714.jpeg\" alt=\"FOTO\/ Me shpejt\u00ebsi 170 km\/h, kush \u00ebsht\u00eb MODELJA shqiptare q\u00eb\" width=\"100%\" data-size=\"x\" data-id=\"130706\" \/><\/p>\n<p>E reja shqiptare ka p\u00ebsuar l\u00ebndime t\u00eb lehta dhe p\u00ebr k\u00ebt\u00eb arsye \u00ebsht\u00eb transferuar n\u00eb repartin e kirurgjis\u00eb abdominale n\u00eb Spitalin e P\u00ebrgjithsh\u00ebm t\u00eb Dubrovnikut.<\/p>\n<p><img decoding=\"async\" src=\"https:\/\/cdnimpuls.com\/liberale.al\/media3\/-900-0-1713269525ximg-5065-118.jpeg\" alt=\"FOTO\/ Me shpejt\u00ebsi 170 km\/h, kush \u00ebsht\u00eb MODELJA shqiptare q\u00eb\" width=\"100%\" data-size=\"x\" data-id=\"130707\" \/><\/p>\n<p>Pas aksidentit dhe daljes nga Spitali i P\u00ebrgjithsh\u00ebm i Dubrovnikut, shqiptarja \u00ebsht\u00eb arrestuar dhe marr\u00eb n\u00eb pyetje.Gjykata e Qarkut t\u00eb Dubrovnikut ka caktuar mas\u00ebn e paraburgimit 30 ditor p\u00ebr shqiptaren Ymeri. Ajo akuzohet p\u00ebr parakalim krejt\u00ebsisht t\u00eb pakujdessh\u00ebm dhe shkaktimin e nj\u00eb aksidenti ku humb\u00ebn jet\u00ebn dy t\u00eb rinj.<\/p>\n<p><img decoding=\"async\" src=\"https:\/\/cdnimpuls.com\/liberale.al\/media3\/-900-0-1713269526ximg-5068-971.jpeg\" alt=\"FOTO\/ Me shpejt\u00ebsi 170 km\/h, kush \u00ebsht\u00eb MODELJA shqiptare q\u00eb\" width=\"100%\" data-size=\"x\" data-id=\"130708\" \/><\/p>\n<p>Mediat kroate raportojn\u00eb se as Ymeri dhe as dikush nga familja e saj nuk ka kontaktuar me familjen cerek p\u00ebr t&#8217;i shprehur ngush\u00ebllimet apo keqardhjen e tyre.<\/p>\n<p><img decoding=\"async\" src=\"https:\/\/cdnimpuls.com\/liberale.al\/media3\/-900-0-1713269526ximg-5067-897.jpeg\" alt=\"FOTO\/ Me shpejt\u00ebsi 170 km\/h, kush \u00ebsht\u00eb MODELJA shqiptare q\u00eb\" width=\"100%\" data-size=\"x\" data-id=\"130709\" \/><\/p>\n<p>P\u00ebrve\u00e7 rrjeteve sociale, ku publikon foto\/video nga jeta luksoze q\u00eb b\u00ebn, e reja shqiptare njihet edhe p\u00ebr surpriz\u00ebn q\u00eb n\u00eb vitin 2022 i b\u00ebri mikut t\u00eb saj n\u00eb burgun e Trentos n\u00eb Itali.<\/p>\n","protected":false},"excerpt":{"rendered":"<p>Kroacia \u00ebsht\u00eb tronditur nga nj\u00eb ngjarja ku nj\u00eb 29-vje\u00e7are shqiptare ka shkaktuar nj\u00eb aksident me dy viktima n\u00eb zon\u00ebn e Ratacit. Modelja, Klevisa Ymeri, ka parakaluar ilegalisht n\u00eb zon\u00ebn e Ratacit dhe \u00ebsht\u00eb p\u00ebrplasur kok\u00eb m\u00eb kok\u00eb me nj\u00eb automjet n\u00eb t\u00eb cilin ndodheshin dy t\u00eb rinj, v\u00eblla dhe mot\u00ebr: 21-vje\u00e7ari Stjepan dhe 19-vje\u00e7arja Katarina [&hellip;]<\/p>\n","protected":false},"author":5,"featured_media":73694,"comment_status":"closed","ping_status":"closed","sticky":false,"template":"","format":"standard","meta":{"footnotes":""},"categories":[1,6332],"tags":[30565,30566],"class_list":{"0":"post-73693","1":"post","2":"type-post","3":"status-publish","4":"format-standard","5":"has-post-thumbnail","7":"category-aktualitet","8":"category-te-fundit","9":"tag-emrat-fotot-ishte-me-170-km-h","10":"tag-modelja-shqiptare-aksidentoi-per-vdekje-2-te-rinj"},"_links":{"self":[{"href":"https:\/\/jugulajm.net\/index.php?rest_route=\/wp\/v2\/posts\/73693","targetHints":{"allow":["GET"]}}],"collection":[{"href":"https:\/\/jugulajm.net\/index.php?rest_route=\/wp\/v2\/posts"}],"about":[{"href":"https:\/\/jugulajm.net\/index.php?rest_route=\/wp\/v2\/types\/post"}],"author":[{"embeddable":true,"href":"https:\/\/jugulajm.net\/index.php?rest_route=\/wp\/v2\/users\/5"}],"replies":[{"embeddable":true,"href":"https:\/\/jugulajm.net\/index.php?rest_route=%2Fwp%2Fv2%2Fcomments&post=73693"}],"version-history":[{"count":0,"href":"https:\/\/jugulajm.net\/index.php?rest_route=\/wp\/v2\/posts\/73693\/revisions"}],"wp:featuredmedia":[{"embeddable":true,"href":"https:\/\/jugulajm.net\/index.php?rest_route=\/wp\/v2\/media\/73694"}],"wp:attachment":[{"href":"https:\/\/jugulajm.net\/index.php?rest_route=%2Fwp%2Fv2%2Fmedia&parent=73693"}],"wp:term":[{"taxonomy":"category","embeddable":true,"href":"https:\/\/jugulajm.net\/index.php?rest_route=%2Fwp%2Fv2%2Fcategories&post=73693"},{"taxonomy":"post_tag","embeddable":true,"href":"https:\/\/jugulajm.net\/index.php?rest_route=%2Fwp%2Fv2%2Ftags&post=73693"}],"curies":[{"name":"wp","href":"https:\/\/api.w.org\/{rel}","templated":true}]}}