{"id":73691,"date":"2024-04-16T13:08:19","date_gmt":"2024-04-16T11:08:19","guid":{"rendered":"https:\/\/jugulajm.net\/?p=73691"},"modified":"2024-04-16T13:08:19","modified_gmt":"2024-04-16T11:08:19","slug":"60-vjecarja-denoncon-2-burra-me-perdhunuan-djalin-31-vjecar-me-aftesi-te-kufizuara","status":"publish","type":"post","link":"https:\/\/jugulajm.net\/?p=73691","title":{"rendered":"60-vje\u00e7arja denoncon: 2 burra m\u00eb p\u00ebrdhunuan djalin 31-vje\u00e7ar me aft\u00ebsi t\u00eb kufizuara"},"content":{"rendered":"<p>Nj\u00eb ngjarje e r\u00ebnd\u00eb raportohet t\u00eb ket\u00eb ndodhur n\u00eb nj\u00eb fshat t\u00eb Elbasanit. Sipas njoftimit t\u00eb Policis\u00eb m\u00ebsohet se nj\u00eb 60-vje\u00e7are ka shkuar n\u00eb Komisariat dhe ka denoncuar se dy persona kan\u00eb p\u00ebrdhunuar djalin e saj 31-vje\u00e7ar, i cili \u00ebsht\u00eb me aft\u00ebsi t\u00eb kufizuara.<\/p>\n<p>S\u00eb bashku me djalin e saj 31-vje\u00e7, gruaja ka kall\u00ebzuar para uniformave blu shtetasit me ininciale B.J, 44 vje\u00e7 dhe shtetasin R.B, 59 vje\u00e7, t\u00eb cil\u00ebt sipas saj m\u00eb dat\u00ebn 4 mars t\u00eb k\u00ebtij viti kan\u00eb kryer marr\u00ebdh\u00ebnie seksuale me djalin e saj. Policia e Elbasanit ka ndaluar dy burrat e dyshuar.<\/p>\n<p><em>\u201cSpecialist\u00ebt p\u00ebr Hetimin e Krimeve t\u00eb Komisariatit t\u00eb Policis\u00eb Elbasan ndaluan me iniciativ\u00eb shtetasit B. J., 44 vje\u00e7, banues n\u00eb Elbasan dhe R. B., 59 vje\u00e7, pasi m\u00eb dat\u00eb 15.04.2024, n\u00eb ambientet e Policis\u00eb, \u00ebsht\u00eb paraqitur nj\u00eb shtetase 60-vje\u00e7e (bashk\u00eb me djalin e saj 31 vje\u00e7), e cila ka kall\u00ebzuar se shtetasit B. J. dhe R. B., m\u00eb dat\u00eb 04.04.2024, kan\u00eb kryer marr\u00ebdh\u00ebnie seksuale me djalin e saj 31-vje\u00e7, me aft\u00ebsi t\u00eb kufizuara\u201d,<\/em>\u00a0njofton Policia.<\/p>\n","protected":false},"excerpt":{"rendered":"<p>Nj\u00eb ngjarje e r\u00ebnd\u00eb raportohet t\u00eb ket\u00eb ndodhur n\u00eb nj\u00eb fshat t\u00eb Elbasanit. Sipas njoftimit t\u00eb Policis\u00eb m\u00ebsohet se nj\u00eb 60-vje\u00e7are ka shkuar n\u00eb Komisariat dhe ka denoncuar se dy persona kan\u00eb p\u00ebrdhunuar djalin e saj 31-vje\u00e7ar, i cili \u00ebsht\u00eb me aft\u00ebsi t\u00eb kufizuara. S\u00eb bashku me djalin e saj 31-vje\u00e7, gruaja ka kall\u00ebzuar para [&hellip;]<\/p>\n","protected":false},"author":5,"featured_media":52254,"comment_status":"closed","ping_status":"closed","sticky":false,"template":"","format":"standard","meta":{"footnotes":""},"categories":[1,6332,29228],"tags":[30564],"class_list":{"0":"post-73691","1":"post","2":"type-post","3":"status-publish","4":"format-standard","5":"has-post-thumbnail","7":"category-aktualitet","8":"category-te-fundit","9":"category-vendi","10":"tag-60-vjecarja-denoncon-2-burra-me-perdhunuan-djalin-31-vjecar-me-aftesi-te-kufizuara"},"_links":{"self":[{"href":"https:\/\/jugulajm.net\/index.php?rest_route=\/wp\/v2\/posts\/73691","targetHints":{"allow":["GET"]}}],"collection":[{"href":"https:\/\/jugulajm.net\/index.php?rest_route=\/wp\/v2\/posts"}],"about":[{"href":"https:\/\/jugulajm.net\/index.php?rest_route=\/wp\/v2\/types\/post"}],"author":[{"embeddable":true,"href":"https:\/\/jugulajm.net\/index.php?rest_route=\/wp\/v2\/users\/5"}],"replies":[{"embeddable":true,"href":"https:\/\/jugulajm.net\/index.php?rest_route=%2Fwp%2Fv2%2Fcomments&post=73691"}],"version-history":[{"count":0,"href":"https:\/\/jugulajm.net\/index.php?rest_route=\/wp\/v2\/posts\/73691\/revisions"}],"wp:featuredmedia":[{"embeddable":true,"href":"https:\/\/jugulajm.net\/index.php?rest_route=\/wp\/v2\/media\/52254"}],"wp:attachment":[{"href":"https:\/\/jugulajm.net\/index.php?rest_route=%2Fwp%2Fv2%2Fmedia&parent=73691"}],"wp:term":[{"taxonomy":"category","embeddable":true,"href":"https:\/\/jugulajm.net\/index.php?rest_route=%2Fwp%2Fv2%2Fcategories&post=73691"},{"taxonomy":"post_tag","embeddable":true,"href":"https:\/\/jugulajm.net\/index.php?rest_route=%2Fwp%2Fv2%2Ftags&post=73691"}],"curies":[{"name":"wp","href":"https:\/\/api.w.org\/{rel}","templated":true}]}}