{"id":73659,"date":"2024-04-15T08:59:55","date_gmt":"2024-04-15T06:59:55","guid":{"rendered":"https:\/\/jugulajm.net\/?p=73659"},"modified":"2024-04-15T08:59:55","modified_gmt":"2024-04-15T06:59:55","slug":"foto-moti-per-kete-jave","status":"publish","type":"post","link":"https:\/\/jugulajm.net\/?p=73659","title":{"rendered":"FOTO\/ Moti p\u00ebr k\u00ebt\u00eb jav\u00eb&#8230;"},"content":{"rendered":"<p>K\u00ebt\u00eb jav\u00eb, vendi yn\u00eb do t\u00eb ndikohet nga kushte t\u00eb paq\u00ebndrueshme atmosferike si rezultat i t\u00ebrheqjes graduale t\u00eb qarkullimit anticiklonar afrikan me masa ajrore t\u00eb ngrohta e t\u00eb thata dhe dep\u00ebrtimit t\u00eb masave ajrore t\u00eb lag\u00ebshta dhe t\u00eb ftohta veriore.<\/p>\n<p>N\u00eb pjes\u00ebn m\u00eb t\u00eb madhe t\u00eb dit\u00ebve, presioni do t\u00eb jet\u00eb i ul\u00ebt dhe luhatjet e temperaturave do t\u00eb jen\u00eb t\u00eb theksuara sidomos r\u00ebniet n\u00eb vlerat maksimale.<\/p>\n<p>Dit\u00ebn e H\u00ebn\u00eb moti do t\u00eb jet\u00eb i kthjell\u00ebt dhe vran\u00ebsirat t\u00eb larta e transparente kalimtare.<\/p>\n<p>Dit\u00ebn e Mart\u00eb moti fillimisht do t\u00eb jet\u00eb i kthjell\u00ebt, nd\u00ebrsa pas or\u00ebve t\u00eb mesdit\u00ebs kemi ndryshim total t\u00eb situat\u00ebs meteorologjike ku kemi zhvillim gradual t\u00eb vran\u00ebsirave. Vran\u00ebsirat do t\u00eb jen\u00eb mesatare deri t\u00eb dendura shoq\u00ebruar me reshje shiu me intensitet t\u00eb ul\u00ebt deri mesatar n\u00eb form\u00eb shtr\u00ebngatash.<\/p>\n<p>Reshjet e shiut do t\u00eb jen\u00eb prezente edhe gjat\u00eb dit\u00ebs s\u00eb M\u00ebrkur\u00eb, t\u00eb Enjte dhe t\u00eb Premte n\u00eb form\u00ebn e rrebesheve t\u00eb shpejta e stuhive me shkarkesa elektrike dhe bresh\u00ebr t\u00eb cilat n\u00eb intervale t\u00eb shkurtra kohore n\u00eb veriper\u00ebndim t\u00eb vendit dhe n\u00eb zonat urbane kryesisht gjat\u00eb dit\u00ebs s\u00eb M\u00ebrkur\u00eb shfaqen problematike. Megjithat\u00eb nuk do t\u00eb mungojn\u00eb intervale t\u00eb her\u00ebpasher\u00ebshme me diell.<\/p>\n<p>Reshjet e D\u00ebbor\u00ebs do t\u00eb rikthehen n\u00eb Alpe dhe n\u00eb relievet malore n\u00eb veri-verilindje-juglindje t\u00eb vendit me intensitet t\u00eb ul\u00ebt e lokalisht mesatar, n\u00eb lart\u00ebsit\u00eb mbi 700 m.<\/p>\n<p>Gjat\u00eb dit\u00ebs s\u00eb M\u00ebrkur\u00eb era do t\u00eb jet\u00eb hera-her\u00ebs intensive me drejtim veriper\u00ebndim-jugper\u00ebndim 2-9m\/s, nd\u00ebrsa n\u00eb male, lugina dhe p\u00ebrgjat\u00eb vij\u00ebs bregdetare do t\u00eb arrij\u00eb shpejt\u00ebsi 12-18m\/s, shoq\u00ebruar me val\u00ebzimin n\u00eb detet Adriatik dhe Jon t\u00eb forc\u00ebs 4-5ball\u00eb.<\/p>\n<p>Sh\u00ebrbimi Meteorologjik Ushtarak parashikon prezenc\u00eb t\u00eb mjegull\u00ebs dhe mjegullin\u00ebs n\u00eb or\u00ebt e para t\u00eb m\u00ebngjesit, po ashtu dhe n\u00eb momentin e reshjeve t\u00eb shiut dhe t\u00eb d\u00ebbor\u00ebs.<\/p>\n<p><img decoding=\"async\" src=\"https:\/\/media.cna.al\/cna.al\/media3\/-640-0-1713157776xparashikim-760.jpg\" alt=\"Rikthehen reshjet e shiut dhe d\u00ebbor\u00ebs\/ Parashikimi i motit p\u00ebr\" width=\"100%\" data-size=\"x\" data-id=\"422512\" \/><\/p>\n","protected":false},"excerpt":{"rendered":"<p>K\u00ebt\u00eb jav\u00eb, vendi yn\u00eb do t\u00eb ndikohet nga kushte t\u00eb paq\u00ebndrueshme atmosferike si rezultat i t\u00ebrheqjes graduale t\u00eb qarkullimit anticiklonar afrikan me masa ajrore t\u00eb ngrohta e t\u00eb thata dhe dep\u00ebrtimit t\u00eb masave ajrore t\u00eb lag\u00ebshta dhe t\u00eb ftohta veriore. N\u00eb pjes\u00ebn m\u00eb t\u00eb madhe t\u00eb dit\u00ebve, presioni do t\u00eb jet\u00eb i ul\u00ebt dhe luhatjet [&hellip;]<\/p>\n","protected":false},"author":5,"featured_media":53315,"comment_status":"closed","ping_status":"closed","sticky":false,"template":"","format":"standard","meta":{"footnotes":""},"categories":[7650,6332],"tags":[30553],"class_list":{"0":"post-73659","1":"post","2":"type-post","3":"status-publish","4":"format-standard","5":"has-post-thumbnail","7":"category-moti","8":"category-te-fundit","9":"tag-foto-moti-per-kete-jave"},"_links":{"self":[{"href":"https:\/\/jugulajm.net\/index.php?rest_route=\/wp\/v2\/posts\/73659","targetHints":{"allow":["GET"]}}],"collection":[{"href":"https:\/\/jugulajm.net\/index.php?rest_route=\/wp\/v2\/posts"}],"about":[{"href":"https:\/\/jugulajm.net\/index.php?rest_route=\/wp\/v2\/types\/post"}],"author":[{"embeddable":true,"href":"https:\/\/jugulajm.net\/index.php?rest_route=\/wp\/v2\/users\/5"}],"replies":[{"embeddable":true,"href":"https:\/\/jugulajm.net\/index.php?rest_route=%2Fwp%2Fv2%2Fcomments&post=73659"}],"version-history":[{"count":0,"href":"https:\/\/jugulajm.net\/index.php?rest_route=\/wp\/v2\/posts\/73659\/revisions"}],"wp:featuredmedia":[{"embeddable":true,"href":"https:\/\/jugulajm.net\/index.php?rest_route=\/wp\/v2\/media\/53315"}],"wp:attachment":[{"href":"https:\/\/jugulajm.net\/index.php?rest_route=%2Fwp%2Fv2%2Fmedia&parent=73659"}],"wp:term":[{"taxonomy":"category","embeddable":true,"href":"https:\/\/jugulajm.net\/index.php?rest_route=%2Fwp%2Fv2%2Fcategories&post=73659"},{"taxonomy":"post_tag","embeddable":true,"href":"https:\/\/jugulajm.net\/index.php?rest_route=%2Fwp%2Fv2%2Ftags&post=73659"}],"curies":[{"name":"wp","href":"https:\/\/api.w.org\/{rel}","templated":true}]}}