{"id":73593,"date":"2024-04-12T18:32:28","date_gmt":"2024-04-12T16:32:28","guid":{"rendered":"https:\/\/jugulajm.net\/?p=73593"},"modified":"2024-04-12T18:33:17","modified_gmt":"2024-04-12T16:33:17","slug":"emrat-ja-kush-jane-17-personat-qe-u-arrestuan-sot-per-trafikim-te-emigranteve","status":"publish","type":"post","link":"https:\/\/jugulajm.net\/?p=73593","title":{"rendered":"EMRAT\/ Ja kush jan\u00eb 17 personat q\u00eb u arrestuan sot p\u00ebr trafikim t\u00eb emigrant\u00ebve"},"content":{"rendered":"<p>Nj\u00eb operacion mbar\u00ebkomb\u00ebtar \u00ebsht\u00eb zhvilluar dit\u00ebn e sotme p\u00ebr evidentimin dhe ndalimin e personave q\u00eb japin ndihm\u00eb p\u00ebr kalim t\u00eb paligjsh\u00ebm t\u00eb kufirit, apo p\u00ebr an\u00ebtar\u00eb t\u00eb grupeve t\u00eb strukturuara kriminal.<\/p>\n<div class=\"clearfix\">\n<p>Policia ka ekzekutuar mas\u00ebn e siguris\u00eb \u201cArrest n\u00eb burg\u201d, p\u00ebr shtetasit:<\/p>\n<p><strong>Endri Seiti<\/strong>, i vitlindjes 1986, lindur dhe banues n\u00eb Tiran\u00eb, biznesmen, organizator i aktivitetit kriminal, i dyshuar p\u00ebr kryerjen e veprave penale \u201cNdihma p\u00ebr kalim t\u00eb paligjsh\u00ebm t\u00eb kufirit\u201d kryer n\u00eb form\u00ebn e bashk\u00ebpunimit t\u00eb ve\u00e7ant\u00eb, \u201cFalsifikimi i dokumenteve\u201d kryer n\u00eb form\u00ebn e bashk\u00ebpunimit t\u00eb ve\u00e7ant\u00eb, \u201cGrupi i strukturuar kriminal\u201d, \u201cKryerja e veprave penale nga organizata kriminale apo grupi kriminal\u201d dhe \u201cKorrupsioni aktiv i personave q\u00eb ushtrojn\u00eb funksione publike;<\/p>\n<div class=\"tchAdBlock smallAdBlock\">\n<div class=\"siteWidthContainer\">\n<div class=\"clearfix\"><strong>Luan Tafalla,<\/strong>\u00a0i vitlindjes 1969, lindur dhe banues n\u00eb Tiran\u00eb, organizator i aktivitetit kriminal, i dyshuar p\u00ebr kryerjen e veprave penale \u201cNdihma p\u00ebr kalim t\u00eb paligjsh\u00ebm t\u00eb kufirit\u201d, kryer n\u00eb form\u00ebn e bashk\u00ebpunimit t\u00eb ve\u00e7ant\u00eb, \u201cFalsifikimi i dokumenteve\u201d kryer n\u00eb form\u00ebn e bashk\u00ebpunimit t\u00eb ve\u00e7ant\u00eb, \u201cGrupi i strukturuar kriminal\u201d, \u201cKryerja e veprave penale nga organizata kriminale apo grupi kriminal\u201d dhe \u201cKorrupsioni aktiv i personave q\u00eb ushtrojn\u00eb funksione publike\u201d;<\/div>\n<\/div>\n<div><\/div>\n<\/div>\n<p><strong>Endrit Ismailaj,<\/strong>\u00a0i vitlindjes 1988, lindur n\u00eb Cakran, Fier dhe banues n\u00eb Tiran\u00eb, i dyshuar p\u00ebr kryerjen e veprave penale \u201cNdihma p\u00ebr kalim t\u00eb paligjsh\u00ebm t\u00eb kufirit\u201d kryer n\u00eb form\u00ebn e bashk\u00ebpunimit t\u00eb ve\u00e7ant\u00eb, \u201cFalsifikimi i dokumenteve\u201d kryer n\u00eb form\u00ebn e bashk\u00ebpunimit t\u00eb ve\u00e7ant\u00eb, \u201cGrupi i strukturuar kriminal\u201d, \u201cKryerja e veprave penale nga organizata kriminale apo grup kriminal\u201d;<\/p>\n<p><strong>Arnol Shpata,<\/strong>\u00a0i vitlindjes 1998, lindur n\u00eb Patos, Fier dhe banues n\u00eb Tiran\u00eb, i dyshuar p\u00ebr kryerjen e veprave penale \u201cNdihma p\u00ebr kalim t\u00eb paligjsh\u00ebm t\u00eb kufirit\u201d kryer n\u00eb form\u00ebn e bashk\u00ebpunimit t\u00eb ve\u00e7ant\u00eb, \u201cFalsifikimi i dokumenteve\u201d kryer n\u00eb form\u00ebn e bashk\u00ebpunimit t\u00eb ve\u00e7ant\u00eb, \u201cGrupi i strukturuar kriminal\u201d dhe \u201cKryerja e veprave penale nga organizata kriminale apo grupi kriminal\u201d;<\/p>\n<p><strong>Xhuljeta \u00c7opa,<\/strong>\u00a0e vitlindjes 1967, lindur n\u00eb Durr\u00ebs dhe banuese n\u00eb Fush\u00eb Kruj\u00eb, biznesmene, e dyshuar p\u00ebr kryerjen e veprave penale \u201cNdihma p\u00ebr kalim t\u00eb paligjsh\u00ebm t\u00eb kufirit\u201d kryer n\u00eb form\u00ebn e bashk\u00ebpunimit t\u00eb ve\u00e7ant\u00eb, \u201cFalsifikimi i dokumenteve\u201d kryer n\u00eb form\u00ebn e bashk\u00ebpunimit t\u00eb ve\u00e7ant\u00eb \u201cGrupi i strukturuar kriminal\u201d dhe \u201cKryerja e veprave penale nga organizata kriminale apo grup kriminal\u201d.<\/p>\n<p><strong>Artur Mata<\/strong>,\u00a0i vitlindjes 1968, lindur n\u00eb Tiran\u00eb dhe banues n\u00eb Durr\u00ebs, biznesmen, i dyshuar p\u00ebr kryerjen e veprave penale \u201cNdihma p\u00ebr kalim t\u00eb paligjsh\u00ebm t\u00eb kufirit\u201d kryer n\u00eb form\u00ebn e bashk\u00ebpunimit t\u00eb ve\u00e7ant\u00eb, \u201cFalsifikimi i dokumenteve\u201d kryer n\u00eb form\u00ebn e bashk\u00ebpunimit t\u00eb ve\u00e7ant\u00eb, \u201cGrupi i strukturuar kriminal\u201d dhe \u201cKryerjen e veprave penale nga organizata kriminale apo grup kriminal\u201d;<\/p>\n<p><strong>Antonio Specchio,<\/strong>\u00a0i vitlindjes 1971, lindur n\u00eb Itali dhe banues n\u00eb Vlor\u00eb, biznesmen, i dyshuar p\u00ebr kryerjen e veprave penale \u201cNdihma p\u00ebr kalim t\u00eb paligjsh\u00ebm t\u00eb kufirit\u201d kryer n\u00eb form\u00ebn e bashk\u00ebpunimit t\u00eb ve\u00e7ant\u00eb, \u201cFalsifikimi i dokumenteve\u201d kryer n\u00eb form\u00ebn e bashk\u00ebpunimit t\u00eb ve\u00e7ant\u00eb, \u201cGrupi i strukturuar kriminal\u201d dhe \u201cKryerja e veprave penale nga organizata kriminale apo grup kriminal\u201d;<\/p>\n<p><strong>Artan Sulaj,<\/strong>\u00a0i vitlindjes 1973, lindur dhe banues n\u00eb Tiran\u00eb, biznesmen, i dyshuar p\u00ebr kryerjen e veprave penale \u201cNdihma p\u00ebr kalim t\u00eb paligjsh\u00ebm t\u00eb kufirit\u201d kryer n\u00eb form\u00ebn e bashk\u00ebpunimit t\u00eb ve\u00e7ant\u00eb, \u201cFalsifikimi i dokumenteve\u201d kryer n\u00eb form\u00ebn e bashk\u00ebpunimit t\u00eb ve\u00e7ant\u00eb, \u201cGrupi i strukturuar kriminal\u201d dhe \u201cKryerja e veprave penale nga organizata kriminale apo grupi kriminal\u201d;<\/p>\n<p><strong>Luan Sulaj,<\/strong>\u00a0i vitlindjes 1978, lindur dhe banues n\u00eb Tiran\u00eb, biznesmen, i dyshuar p\u00ebr kryerjen e veprave penale \u201cNdihma p\u00ebr kalim t\u00eb paligjsh\u00ebm t\u00eb kufirit\u201d kryer n\u00eb form\u00ebn e bashk\u00ebpunimit t\u00eb ve\u00e7ant\u00eb, \u201cFalsifikimi i dokumenteve\u201d kryer n\u00eb form\u00ebn e bashk\u00ebpunimit t\u00eb ve\u00e7ant\u00eb, \u201cGrupi i strukturuar kriminal\u201d dhe \u201cKryerja e veprave penale nga organizata kriminale apo grup kriminal\u201d;<\/p>\n<p><strong>Shkelzen Matmuja (Bokciu),<\/strong>\u00a0\u00a0i vitlindjes 1987, lindur n\u00eb Kuk\u00ebs dhe banues n\u00eb Has, i dyshuar p\u00ebr kryerjen e veprave penale \u201cNdihma p\u00ebr kalim t\u00eb paligjsh\u00ebm t\u00eb kufirit\u201d kryer n\u00eb form\u00ebn e bashk\u00ebpunimit t\u00eb ve\u00e7ant\u00eb, \u201cGrupi i strukturuar kriminal\u201d dhe \u201cKryerja e veprave penale nga organizata kriminale apo grup kriminal\u201d;<\/p>\n<p><strong>Bukurosh Muja,\u00a0<\/strong>i vitlindjes 1995, lindur dhe banues n\u00eb Kuk\u00ebs, i dyshuar p\u00ebr kryerjen e veprave penale \u201cNdihma p\u00ebr kalim t\u00eb paligjsh\u00ebm t\u00eb kufirit\u201d kryer n\u00eb form\u00ebn e bashk\u00ebpunimit t\u00eb ve\u00e7ant\u00eb, \u201cGrupi i strukturuar kriminal\u201d dhe \u201cKryerja e veprave penale nga organizata kriminale apo grup kriminal\u201d;<\/p>\n<p><strong>Lulzim Lami,<\/strong>\u00a0i vitlindjes 1969, lindur dhe banues n\u00eb Tiran\u00eb, i dyshuar p\u00ebr kryerjen e veprave penale \u201cNdihma p\u00ebr kalim t\u00eb paligjsh\u00ebm t\u00eb kufirit\u201d kryer n\u00eb form\u00ebn e bashk\u00ebpunimit t\u00eb ve\u00e7ant\u00eb, \u201cGrupi i strukturuar kriminal\u201d dhe \u201cKryerja e veprave penale nga organizata kriminale apo grup kriminal\u201d;<\/p>\n<p><strong>Tome Preka,<\/strong>\u00a0\u00a0i vitlindjes 1962, lindur n\u00eb Shkod\u00ebr dhe banues n\u00eb Durr\u00ebs, biznesmen, i dyshuar p\u00ebr kryerjen e veprave penale \u201cNdihma p\u00ebr kalim t\u00eb paligjsh\u00ebm t\u00eb kufirit\u201d kryer n\u00eb form\u00ebn e bashk\u00ebpunimit t\u00eb ve\u00e7ant\u00eb, \u201cFalsifikimi i dokumentave\u201d kryer n\u00eb form\u00ebn e bashk\u00ebpunimit t\u00eb ve\u00e7ant\u00eb, \u201cGrupi i strukturuar kriminal\u201d, \u201cKryerja e veprave penale nga organizata kriminale apo grup kriminal\u201d dhe \u201cKorrupsioni aktiv i personave q\u00eb ushtrojn\u00eb funksione publike\u201d;<\/p>\n<p><strong>Xhulio Krasniqi<\/strong>,\u00a0i vitlindjes 1995, lindur dhe banues n\u00eb Lushnj\u00eb, i dyshuar p\u00ebr kryerjen e veprave penale \u201cNdihma p\u00ebr kalim t\u00eb paligjsh\u00ebm t\u00eb kufirit\u201d kryer n\u00eb form\u00ebn e bashk\u00ebpunimit t\u00eb ve\u00e7ant\u00eb, \u201cGrupi i strukturuar kriminal\u201d dhe \u201cKryerja e veprave penale nga organizata kriminale apo grup kriminal\u201d;<\/p>\n<p><strong>Edmond Baklli,<\/strong>\u00a0i vitlindjes 1980, lindur dhe banues n\u00eb Kavaj\u00eb, biznesmen, i dyshuar p\u00ebr kryerjen e veprave penale \u201cNdihma p\u00ebr kalim t\u00eb paligjsh\u00ebm t\u00eb kufirit\u201d kryer n\u00eb form\u00ebn e bashk\u00ebpunimit t\u00eb ve\u00e7ant\u00eb, \u201cGrupi i strukturuar kriminal\u201d dhe \u201cKryerja e veprave penale nga organizata kriminale apo grupi kriminal\u201d;<\/p>\n<p><strong>Iglan Alli\u00e7i,<\/strong>\u00a0i vitlindjes 1983, lindur dhe banues n\u00eb Kavaj\u00eb, biznesmen, i dyshuar p\u00ebr kryerjen e veprave penale \u201cNdihma p\u00ebr kalim t\u00eb paligjsh\u00ebm t\u00eb kufirit\u201d kryer n\u00eb form\u00ebn e bashk\u00ebpunimit t\u00eb ve\u00e7ant\u00eb, \u201cGrupi i strukturuar kriminal\u201d dhe \u201cKryerja e veprave penale nga organizata kriminale apo grup kriminal\u201d;<\/p>\n<p><strong>Emmanuel Ella,<\/strong>\u00a0i vitlindjes 1980, lindur n\u00eb Kamerun dhe banues n\u00eb Tiran\u00eb, i dyshuar p\u00ebr kryerjen e veprave penale \u201cNdihma p\u00ebr kalim t\u00eb paligjsh\u00ebm t\u00eb kufirit\u201d kryer n\u00eb form\u00ebn e bashk\u00ebpunimit t\u00eb ve\u00e7ant\u00eb, \u201cFalsifikimi i dokumenteve\u201d kryer n\u00eb form\u00ebn e bashk\u00ebpunimit t\u00eb ve\u00e7ant\u00eb, \u201cGrupi i strukturuar kriminal\u201d, \u201cKryerja e veprave penale nga organizata kriminale apo grup kriminal\u201d.<\/p>\n<\/div>\n","protected":false},"excerpt":{"rendered":"<p>Nj\u00eb operacion mbar\u00ebkomb\u00ebtar \u00ebsht\u00eb zhvilluar dit\u00ebn e sotme p\u00ebr evidentimin dhe ndalimin e personave q\u00eb japin ndihm\u00eb p\u00ebr kalim t\u00eb paligjsh\u00ebm t\u00eb kufirit, apo p\u00ebr an\u00ebtar\u00eb t\u00eb grupeve t\u00eb strukturuara kriminal. Policia ka ekzekutuar mas\u00ebn e siguris\u00eb \u201cArrest n\u00eb burg\u201d, p\u00ebr shtetasit: Endri Seiti, i vitlindjes 1986, lindur dhe banues n\u00eb Tiran\u00eb, biznesmen, organizator i [&hellip;]<\/p>\n","protected":false},"author":5,"featured_media":56323,"comment_status":"closed","ping_status":"closed","sticky":false,"template":"","format":"standard","meta":{"footnotes":""},"categories":[1,6332,29228],"tags":[30517],"class_list":{"0":"post-73593","1":"post","2":"type-post","3":"status-publish","4":"format-standard","5":"has-post-thumbnail","7":"category-aktualitet","8":"category-te-fundit","9":"category-vendi","10":"tag-emrat-ja-kush-jane-17-personat-qe-u-arrestuan-sot-per-trafikim-te-emigranteve"},"_links":{"self":[{"href":"https:\/\/jugulajm.net\/index.php?rest_route=\/wp\/v2\/posts\/73593","targetHints":{"allow":["GET"]}}],"collection":[{"href":"https:\/\/jugulajm.net\/index.php?rest_route=\/wp\/v2\/posts"}],"about":[{"href":"https:\/\/jugulajm.net\/index.php?rest_route=\/wp\/v2\/types\/post"}],"author":[{"embeddable":true,"href":"https:\/\/jugulajm.net\/index.php?rest_route=\/wp\/v2\/users\/5"}],"replies":[{"embeddable":true,"href":"https:\/\/jugulajm.net\/index.php?rest_route=%2Fwp%2Fv2%2Fcomments&post=73593"}],"version-history":[{"count":0,"href":"https:\/\/jugulajm.net\/index.php?rest_route=\/wp\/v2\/posts\/73593\/revisions"}],"wp:featuredmedia":[{"embeddable":true,"href":"https:\/\/jugulajm.net\/index.php?rest_route=\/wp\/v2\/media\/56323"}],"wp:attachment":[{"href":"https:\/\/jugulajm.net\/index.php?rest_route=%2Fwp%2Fv2%2Fmedia&parent=73593"}],"wp:term":[{"taxonomy":"category","embeddable":true,"href":"https:\/\/jugulajm.net\/index.php?rest_route=%2Fwp%2Fv2%2Fcategories&post=73593"},{"taxonomy":"post_tag","embeddable":true,"href":"https:\/\/jugulajm.net\/index.php?rest_route=%2Fwp%2Fv2%2Ftags&post=73593"}],"curies":[{"name":"wp","href":"https:\/\/api.w.org\/{rel}","templated":true}]}}