{"id":73589,"date":"2024-04-12T16:46:17","date_gmt":"2024-04-12T14:46:17","guid":{"rendered":"https:\/\/jugulajm.net\/?p=73589"},"modified":"2024-04-12T16:47:44","modified_gmt":"2024-04-12T14:47:44","slug":"vritet-21-vjecarja-plagoset-vellai-i-saj-prangoset-ish-bashkesshorti","status":"publish","type":"post","link":"https:\/\/jugulajm.net\/?p=73589","title":{"rendered":"Vritet 21-vje\u00e7arja, plagoset v\u00ebllai i saj, prangoset ish-bashk\u00ebshorti"},"content":{"rendered":"<p class=\"selectionShareable\">Nj\u00eb grua ka mbetur e vrar\u00eb nga disa t\u00eb sht\u00ebna me arm\u00eb zjarri para Qendr\u00ebs p\u00ebr Pun\u00eb Sociale n\u00eb Ferizaj t\u00eb Kosov\u00ebs.<\/p>\n<p class=\"selectionShareable\">Viktima \u00ebsht\u00eb nj\u00eb 21-vje\u00e7are, nd\u00ebrsa v\u00ebllai i saj i mitur ka mbetur i plagosur.<\/p>\n<p class=\"selectionShareable\">I dyshuari i sulmit \u00ebsht\u00eb ish-bashk\u00ebshorti i cili \u00ebsht\u00eb arrestuar nga policia pak pasi ka ndodhur ngjarja.<\/p>\n<p class=\"selectionShareable\">\u201c<em>Me dat\u00ebn 12.04.2024 n\u00eb ora 14:40 kemi pranuar nj\u00eb informat\u00eb se n\u00eb Qendr\u00ebn p\u00ebr Pun\u00eb Sociale n\u00eb Ferizaj ka t\u00eb sht\u00ebna me arm\u00eb zjarri. P\u00ebr pasoj\u00eb nga t\u00eb sht\u00ebnat e arm\u00ebs s\u00eb zjarrit nj\u00eb person i gjinis\u00eb fem\u00ebrore ka nd\u00ebrruar jet\u00eb n\u00eb vendin e ngjarjes. Kjo \u00ebsht\u00eb konfirmuar nga mjek\u00ebt kujdestar\u00eb, nd\u00ebrsa \u00ebsht\u00eb plagosur nj\u00eb person i gjinis\u00eb mashkullore, i cili \u00ebsht\u00eb d\u00ebrguar n\u00eb Qendr\u00ebn Emergjente n\u00eb Ferizaj. I dyshuari pasi ka sht\u00ebn\u00eb me arm\u00eb zjarri \u00ebsht\u00eb larguar n\u00eb drejtim t\u00eb panjohur. Ekipe t\u00eb policis\u00eb menj\u00ebher\u00eb kan\u00eb rrethuar zon\u00ebn dhe n\u00eb ora 15:15 kan\u00eb arritur q\u00eb t\u00eb arrestojn\u00eb t\u00eb dyshuarin e k\u00ebsaj ngjarje<\/em>\u201d-njofton policia e Kosov\u00ebs.<\/p>\n<p class=\"selectionShareable\">P\u00ebr ngjarjen ka folur edhe Kryeprokurori n\u00eb Ferizaj, Shukri Jashari, i cili ka th\u00ebn\u00eb p\u00ebr Gazet\u00ebn Express se dyshohet q\u00eb gruaja \u00ebsht\u00eb vrar\u00eb nga ish-bashk\u00ebshorti i saj pas nj\u00eb mosmarr\u00ebveshje.<\/p>\n<p class=\"selectionShareable\"><em>\u201cP\u00ebr momentin nuk kemi informacione, mir\u00ebpo dyshojm\u00eb q\u00eb motivi \u00ebsht\u00eb te nj\u00eb mosmarr\u00ebveshje mes ish-bashk\u00ebshort\u00ebve. Ata jan\u00eb takuar af\u00ebr Qendr\u00ebs p\u00ebr Pun\u00eb Sociale dhe aty ka ndodhur rasti. Personi [ish-bashk\u00ebshorti] \u00ebsht\u00eb arrestuar<\/em>\u201d.<\/p>\n<p class=\"selectionShareable\">Ky \u00ebsht\u00eb rasti i dyt\u00eb n\u00eb pak muaj q\u00eb nj\u00eb grua vritet n\u00eb Kosov\u00eb. Liridona Ademaj u vra mbr\u00ebmjen e 29 n\u00ebntorit 2023 n\u00eb Prishtin\u00eb dhe p\u00ebr ngjarjen u arrestua bashk\u00ebshorti i saj Naim Murseli si porosit\u00ebs.<\/p>\n","protected":false},"excerpt":{"rendered":"<p>Nj\u00eb grua ka mbetur e vrar\u00eb nga disa t\u00eb sht\u00ebna me arm\u00eb zjarri para Qendr\u00ebs p\u00ebr Pun\u00eb Sociale n\u00eb Ferizaj t\u00eb Kosov\u00ebs. Viktima \u00ebsht\u00eb nj\u00eb 21-vje\u00e7are, nd\u00ebrsa v\u00ebllai i saj i mitur ka mbetur i plagosur. I dyshuari i sulmit \u00ebsht\u00eb ish-bashk\u00ebshorti i cili \u00ebsht\u00eb arrestuar nga policia pak pasi ka ndodhur ngjarja. \u201cMe dat\u00ebn [&hellip;]<\/p>\n","protected":false},"author":5,"featured_media":68996,"comment_status":"closed","ping_status":"closed","sticky":false,"template":"","format":"standard","meta":{"footnotes":""},"categories":[1,27451,6332],"tags":[30514,30516,30513],"class_list":{"0":"post-73589","1":"post","2":"type-post","3":"status-publish","4":"format-standard","5":"has-post-thumbnail","7":"category-aktualitet","8":"category-kosova","9":"category-te-fundit","10":"tag-plagoset-vellai-i-saj","11":"tag-prangoset-ish-bashkeshorti","12":"tag-vritet-21-vjecarja"},"_links":{"self":[{"href":"https:\/\/jugulajm.net\/index.php?rest_route=\/wp\/v2\/posts\/73589","targetHints":{"allow":["GET"]}}],"collection":[{"href":"https:\/\/jugulajm.net\/index.php?rest_route=\/wp\/v2\/posts"}],"about":[{"href":"https:\/\/jugulajm.net\/index.php?rest_route=\/wp\/v2\/types\/post"}],"author":[{"embeddable":true,"href":"https:\/\/jugulajm.net\/index.php?rest_route=\/wp\/v2\/users\/5"}],"replies":[{"embeddable":true,"href":"https:\/\/jugulajm.net\/index.php?rest_route=%2Fwp%2Fv2%2Fcomments&post=73589"}],"version-history":[{"count":0,"href":"https:\/\/jugulajm.net\/index.php?rest_route=\/wp\/v2\/posts\/73589\/revisions"}],"wp:featuredmedia":[{"embeddable":true,"href":"https:\/\/jugulajm.net\/index.php?rest_route=\/wp\/v2\/media\/68996"}],"wp:attachment":[{"href":"https:\/\/jugulajm.net\/index.php?rest_route=%2Fwp%2Fv2%2Fmedia&parent=73589"}],"wp:term":[{"taxonomy":"category","embeddable":true,"href":"https:\/\/jugulajm.net\/index.php?rest_route=%2Fwp%2Fv2%2Fcategories&post=73589"},{"taxonomy":"post_tag","embeddable":true,"href":"https:\/\/jugulajm.net\/index.php?rest_route=%2Fwp%2Fv2%2Ftags&post=73589"}],"curies":[{"name":"wp","href":"https:\/\/api.w.org\/{rel}","templated":true}]}}