{"id":73556,"date":"2024-04-11T18:44:57","date_gmt":"2024-04-11T16:44:57","guid":{"rendered":"https:\/\/jugulajm.net\/?p=73556"},"modified":"2024-04-11T18:44:57","modified_gmt":"2024-04-11T16:44:57","slug":"dhune-djali-15-vjecar-con-ne-burg-babain-cudit-gruaja-nuk-ka-faj-burri-por-alkooli-qe-pi-dhe","status":"publish","type":"post","link":"https:\/\/jugulajm.net\/?p=73556","title":{"rendered":"Dhun\u00eb, djali 15-vje\u00e7ar \u00e7on n\u00eb burg babain, \u00e7udit gruaja: Nuk ka faj burri, por alkooli q\u00eb pi dhe&#8230;"},"content":{"rendered":"<p>Nj\u00eb 50-vje\u00e7ar shqiptar u arrestua mbr\u00ebmjen e s\u00eb mart\u00ebs nga policia greke, pasi u denoncua p\u00ebr dhun\u00eb nga djali i tij 15 vje\u00e7ar.<\/p>\n<p>Adoleshenti b\u00ebr denoncim n\u00eb Polici, ku pretendoi se s\u00eb bashku me n\u00ebn\u00ebn e tij jan\u00eb viktima t\u00eb dhun\u00ebs s\u00eb t\u00eb atit.<\/p>\n<p><a href=\"https:\/\/www.protothema.gr\/greece\/article\/1486762\/thessaloniki-15hronos-katiggeile-patera-gia-endooikogeneiaki-via-video-apo-tmima-filtro-aimata\/\">Protothema.gr<\/a>\u00a0shkruan se n\u00eb d\u00ebshmin\u00eb e saj n\u00eb polici, gruaja tregoi se n\u00eb vitin 2018 ishte dhunuar nga bashk\u00ebshorti n\u00eb sy t\u00eb djalit, i cili ishte vet\u00ebm 9 vje\u00e7.<\/p>\n<p>Dhe pse ishte 9 vje\u00e7 edhe at\u00ebher\u00eb denoncimin n\u00eb polici e b\u00ebri djali i mitur, por p\u00ebr veprimin, m\u00eb pas ishte p\u00ebrballur me grushte kok\u00ebs nga 50-vje\u00e7ari.<\/p>\n<p>Shqiptari u d\u00ebnua, por pasi doli nga burgu dhuna ndaj tyre vijoi s\u00ebrish.<\/p>\n<p>\u201cKjo ndodh nj\u00eb her\u00eb n\u00eb muaj apo m\u00eb shum\u00eb. P\u00ebr shembull, kur f\u00ebmija vjen nat\u00ebn n\u00eb sht\u00ebpi dhe partneri im \u00ebsht\u00eb i dehur, e godet\u201d, tha ajo.<\/p>\n<p>Pavar\u00ebsisht dhun\u00ebs q\u00eb kan\u00eb hequr n\u00ebn l\u00ebkur\u00eb, gruaja nuk d\u00ebshiron q\u00eb burri i saj t\u00eb shkoj\u00eb n\u00eb burg.<\/p>\n<p>T\u00eb premten 50 vje\u00e7ari do t\u00eb dal\u00eb para gjykat\u00ebs i akuzuar p\u00ebr dhun\u00eb n\u00eb familje. Arsyeja pse e shoqja nuk do q\u00eb ai t\u00eb burgoset \u00ebsht\u00eb prej \u201cturpit\u201d, nd\u00ebrkaq e justifikon dhun\u00ebn p\u00ebr faktin se ai \u00ebsht\u00eb i alkoolizuar.<\/p>\n<p>\u201cBurri nuk m\u00eb godet \u00e7do dit\u00eb, por nj\u00eb ose dy her\u00eb n\u00eb muaj, kur pi dhe nuk e kupton se \u00e7far\u00eb b\u00ebn\u201d, thot\u00eb ajo, nd\u00ebrsa shton se nuk ka frik\u00eb prej tij.<\/p>\n<p>\u201cNe zihemi dhe t\u00eb nes\u00ebrmen m\u00eb thot\u00eb \u2018M\u00eb fal, t\u00eb dua\u2019. Un\u00eb gjithashtu e dua at\u00eb. Un\u00eb nuk dua q\u00eb ai t\u00eb shkoj\u00eb n\u00eb burg, \u00ebsht\u00eb turp. M\u00eb vjen keq p\u00ebr t\u00eb, ai ka probleme me alkoolin dhe kur nuk pi \u00ebsht\u00eb njeri i mir\u00eb\u201d, thot\u00eb ajo.<\/p>\n","protected":false},"excerpt":{"rendered":"<p>Nj\u00eb 50-vje\u00e7ar shqiptar u arrestua mbr\u00ebmjen e s\u00eb mart\u00ebs nga policia greke, pasi u denoncua p\u00ebr dhun\u00eb nga djali i tij 15 vje\u00e7ar. Adoleshenti b\u00ebr denoncim n\u00eb Polici, ku pretendoi se s\u00eb bashku me n\u00ebn\u00ebn e tij jan\u00eb viktima t\u00eb dhun\u00ebs s\u00eb t\u00eb atit. Protothema.gr\u00a0shkruan se n\u00eb d\u00ebshmin\u00eb e saj n\u00eb polici, gruaja tregoi se [&hellip;]<\/p>\n","protected":false},"author":5,"featured_media":54624,"comment_status":"closed","ping_status":"closed","sticky":false,"template":"","format":"standard","meta":{"footnotes":""},"categories":[1,6332],"tags":[30497,30495,30496,30498],"class_list":{"0":"post-73556","1":"post","2":"type-post","3":"status-publish","4":"format-standard","5":"has-post-thumbnail","7":"category-aktualitet","8":"category-te-fundit","9":"tag-cudit-gruaja-nuk-ka-faj-burri","10":"tag-dhune","11":"tag-djali-15-vjecar-con-ne-burg-babain","12":"tag-por-alkooli-qe-pi-dhe"},"_links":{"self":[{"href":"https:\/\/jugulajm.net\/index.php?rest_route=\/wp\/v2\/posts\/73556","targetHints":{"allow":["GET"]}}],"collection":[{"href":"https:\/\/jugulajm.net\/index.php?rest_route=\/wp\/v2\/posts"}],"about":[{"href":"https:\/\/jugulajm.net\/index.php?rest_route=\/wp\/v2\/types\/post"}],"author":[{"embeddable":true,"href":"https:\/\/jugulajm.net\/index.php?rest_route=\/wp\/v2\/users\/5"}],"replies":[{"embeddable":true,"href":"https:\/\/jugulajm.net\/index.php?rest_route=%2Fwp%2Fv2%2Fcomments&post=73556"}],"version-history":[{"count":0,"href":"https:\/\/jugulajm.net\/index.php?rest_route=\/wp\/v2\/posts\/73556\/revisions"}],"wp:featuredmedia":[{"embeddable":true,"href":"https:\/\/jugulajm.net\/index.php?rest_route=\/wp\/v2\/media\/54624"}],"wp:attachment":[{"href":"https:\/\/jugulajm.net\/index.php?rest_route=%2Fwp%2Fv2%2Fmedia&parent=73556"}],"wp:term":[{"taxonomy":"category","embeddable":true,"href":"https:\/\/jugulajm.net\/index.php?rest_route=%2Fwp%2Fv2%2Fcategories&post=73556"},{"taxonomy":"post_tag","embeddable":true,"href":"https:\/\/jugulajm.net\/index.php?rest_route=%2Fwp%2Fv2%2Ftags&post=73556"}],"curies":[{"name":"wp","href":"https:\/\/api.w.org\/{rel}","templated":true}]}}