{"id":73527,"date":"2024-04-10T18:13:49","date_gmt":"2024-04-10T16:13:49","guid":{"rendered":"https:\/\/jugulajm.net\/?p=73527"},"modified":"2024-04-10T18:13:49","modified_gmt":"2024-04-10T16:13:49","slug":"emrat-ja-kush-jane-2-viktimat-qe-i-zuri-poshte-zetori-sapo-kishin-ngrene-buke-dhe","status":"publish","type":"post","link":"https:\/\/jugulajm.net\/?p=73527","title":{"rendered":"EMRAT\/ Ja kush jan\u00eb 2 viktimat q\u00eb i zuri posht\u00eb zetori, sapo kishin ngr\u00ebn\u00eb buk\u00eb dhe&#8230;"},"content":{"rendered":"<p>Jan\u00eb zbardhur identetitet e dy viktima t\u00eb aksidentit t\u00eb regjistruar k\u00ebt\u00eb t\u00eb m\u00ebrkur\u00eb, rreth or\u00ebs 14:05, n\u00eb Fush\u00eb Kuqe t\u00eb Kurbinit.<\/p>\n<p>Burime b\u00ebjn\u00eb me dije se kan\u00eb humbur jet\u00ebn drejtuesi i zetorit, shtetasi Ismajl Ismaili, 60-vje\u00e7, banues n\u00eb Fush\u00eb Kuqe dhe pasagjeri n\u00eb zetor, shtetasi Gjin Muhaj 21-vje\u00e7 banues n\u00eb Mirdit\u00eb. Ky i fundit m\u00ebsohet se ishte marr\u00eb si pun\u00ebtor nga Ismaili p\u00ebr ta ndihmuar.<\/p>\n<p>Sipas njoftimit t\u00eb autoriteteve policore, Ismajl Ismaili dyshohet se ka humbur kontrollin mbi drejtimin e zetorit dhe p\u00ebr pasoj\u00eb jan\u00eb p\u00ebrmbysur n\u00eb kanal, ku dy viktimat jan\u00eb z\u00ebn\u00eb posht\u00eb nga mjeti bujq\u00ebsor.<\/p>\n<p>Kan\u00eb qen\u00eb banor\u00eb t\u00eb zon\u00ebs t\u00eb cil\u00ebt kan\u00eb konstatuar aksidentin dhe kan\u00eb tentuar t\u2019u japin ndihm\u00ebn e par\u00eb dy personave, por ata u gjet\u00ebn n\u00eb kanal pa shenja jete. Trupat e dy viktimave u nxorr\u00ebn nga uji dhe u d\u00ebrguan n\u00eb morgun e spitalit t\u00eb La\u00e7it.<\/p>\n<p>Burime b\u00ebjn\u00eb me dije se Smajl Ismaili merrej prej vitesh me bujq\u00ebsi. Bashk\u00eb me pun\u00ebtorin e tij, ata sapo kishin konsumuar drek\u00ebn dhe ishin nisur p\u00ebr t\u00eb punuar tok\u00ebn me mjetin bujqesor.<\/p>\n<p>Nj\u00eb d\u00ebshmimtar, n\u00eb nj\u00eb prononcim p\u00ebr mediat tregon se kishte qen\u00eb djali i tij, i sapoardhur nga Belgjika, i cili ishte futur n\u00eb kanal p\u00ebr t\u2019u dh\u00ebn\u00eb ndihm\u00ebn e par\u00eb, por kishte rezultuar e kot\u00eb. Sipas tij, 21-vje\u00e7ari Gjin Muhaj ishte n\u00eb gjendje t\u00eb v\u00ebshtir\u00eb ekonomike dhe punonte me Ismailin.<\/p>\n<p>\u201c<em>Sapo mor\u00ebm vesh q\u00eb ka r\u00ebn\u00eb zetori dol\u00ebn. Djali im q\u00eb ka ardhur nga Belgjika u fut deri n\u00eb mes n\u00eb lluc\u00eb e uj\u00eb, preku k\u00ebmb\u00ebn e nj\u00ebrit q\u00eb ishte posht\u00eb gomave. Zetori ishte p\u00ebrmbys. Ata kishte z\u00ebn\u00eb p\u00ebrmbys. Nga sht\u00ebpia po shkonin tek toka t\u00eb punonin. Ai merrej me bostan, djali ishte hallexhi, e merrte n\u00eb pun\u00eb\u201d<\/em>\u00a0thot\u00eb banori i zon\u00ebs.<\/p>\n<p>Grupi hetimor po punon p\u00ebr sqarimim e rrethanave t\u00eb aksidentit q\u00eb i mori jet\u00ebn dy personave.<\/p>\n","protected":false},"excerpt":{"rendered":"<p>Jan\u00eb zbardhur identetitet e dy viktima t\u00eb aksidentit t\u00eb regjistruar k\u00ebt\u00eb t\u00eb m\u00ebrkur\u00eb, rreth or\u00ebs 14:05, n\u00eb Fush\u00eb Kuqe t\u00eb Kurbinit. Burime b\u00ebjn\u00eb me dije se kan\u00eb humbur jet\u00ebn drejtuesi i zetorit, shtetasi Ismajl Ismaili, 60-vje\u00e7, banues n\u00eb Fush\u00eb Kuqe dhe pasagjeri n\u00eb zetor, shtetasi Gjin Muhaj 21-vje\u00e7 banues n\u00eb Mirdit\u00eb. Ky i fundit m\u00ebsohet [&hellip;]<\/p>\n","protected":false},"author":5,"featured_media":73528,"comment_status":"closed","ping_status":"closed","sticky":false,"template":"","format":"standard","meta":{"footnotes":""},"categories":[1,6332,29228],"tags":[30481,30482],"class_list":{"0":"post-73527","1":"post","2":"type-post","3":"status-publish","4":"format-standard","5":"has-post-thumbnail","7":"category-aktualitet","8":"category-te-fundit","9":"category-vendi","10":"tag-emrat-ja-kush-jane-2-viktimat-qe-i-zuri-poshte-zetori","11":"tag-sapo-kishin-ngrene-buke-dhe"},"_links":{"self":[{"href":"https:\/\/jugulajm.net\/index.php?rest_route=\/wp\/v2\/posts\/73527","targetHints":{"allow":["GET"]}}],"collection":[{"href":"https:\/\/jugulajm.net\/index.php?rest_route=\/wp\/v2\/posts"}],"about":[{"href":"https:\/\/jugulajm.net\/index.php?rest_route=\/wp\/v2\/types\/post"}],"author":[{"embeddable":true,"href":"https:\/\/jugulajm.net\/index.php?rest_route=\/wp\/v2\/users\/5"}],"replies":[{"embeddable":true,"href":"https:\/\/jugulajm.net\/index.php?rest_route=%2Fwp%2Fv2%2Fcomments&post=73527"}],"version-history":[{"count":0,"href":"https:\/\/jugulajm.net\/index.php?rest_route=\/wp\/v2\/posts\/73527\/revisions"}],"wp:featuredmedia":[{"embeddable":true,"href":"https:\/\/jugulajm.net\/index.php?rest_route=\/wp\/v2\/media\/73528"}],"wp:attachment":[{"href":"https:\/\/jugulajm.net\/index.php?rest_route=%2Fwp%2Fv2%2Fmedia&parent=73527"}],"wp:term":[{"taxonomy":"category","embeddable":true,"href":"https:\/\/jugulajm.net\/index.php?rest_route=%2Fwp%2Fv2%2Fcategories&post=73527"},{"taxonomy":"post_tag","embeddable":true,"href":"https:\/\/jugulajm.net\/index.php?rest_route=%2Fwp%2Fv2%2Ftags&post=73527"}],"curies":[{"name":"wp","href":"https:\/\/api.w.org\/{rel}","templated":true}]}}