{"id":73516,"date":"2024-04-10T11:07:45","date_gmt":"2024-04-10T09:07:45","guid":{"rendered":"https:\/\/jugulajm.net\/?p=73516"},"modified":"2024-04-10T11:07:45","modified_gmt":"2024-04-10T09:07:45","slug":"emrat-u-falen-ndertuesve-taksat-pezullohen-4-punonjes-te-bashkise","status":"publish","type":"post","link":"https:\/\/jugulajm.net\/?p=73516","title":{"rendered":"EMRAT\/ U fal\u00ebn nd\u00ebrtuesve taksat, pezullohen 4 punonj\u00ebs t\u00eb bashkis\u00eb"},"content":{"rendered":"<p>Kat\u00ebr punonj\u00ebs t\u00eb Bashkis\u00eb s\u00eb Kor\u00e7\u00ebs jan\u00eb pezulluar nga detyra, pasi jan\u00eb marr\u00eb n\u00ebn hetim p\u00ebr shp\u00ebrdorim detyre.<\/p>\n<p>Ata akuzohen se kan\u00eb llogaritur n\u00eb m\u00ebnyr\u00eb t\u00eb paligjshme taks\u00ebn p\u00ebr nd\u00ebrtimet dhe komplekset e luksit, duke vendosur n\u00eb mas\u00eb m\u00eb t\u00eb ul\u00ebt se sa duhej t\u00eb paguhej n\u00eb baz\u00eb t\u00eb ligjit.<\/p>\n<p>Ndaj tyre, me k\u00ebrkes\u00eb t\u00eb Prokuroris\u00eb Kor\u00e7\u00eb \u00ebsht\u00eb caktuar edhe masa &#8220;Detyrim paraqitje&#8221;.\u00a0Konkretisht b\u00ebhet fjal\u00eb p\u00ebr Zhaneta Lubonja, drejtoresha e urbanistikes, Ermal Gjermani, p\u00ebrgjegjes zyre i planifikimit t\u00eb territorit, Olvis Petro, specialist buxheti dhe Sonjel Prifti, drejtor i t\u00eb ardhurave dhe tarifave vendore.<\/p>\n<p>&#8220;<em>Personat n\u00ebn hetim, dyshohet se kan\u00eb favorizuar n\u00eb m\u00ebnyr\u00eb t\u00eb paligjshme dhe me q\u00ebllime p\u00ebrfitimi individual subjekte dhe individ\u00eb t\u00eb ve\u00e7ant\u00eb, duke llogaritur n\u00eb m\u00ebnyr\u00eb t\u00eb paligjshme taks\u00ebn e ndikimit n\u00eb infrastruktur\u00eb p\u00ebr nd\u00ebrtimet e reja dhe komplekset e luksit n\u00eb lagjet 1, 2, 3 11, 12 t\u00eb qytetit t\u00eb Kor\u00e7\u00ebs n\u00eb mas\u00eb m\u00eb t\u00eb ul\u00ebt se sa duhej t\u00eb paguhej n\u00eb baz\u00eb t\u00eb ligjit 107\/2014, VKM 408, dat\u00eb 13.05.2018 apo dhe Vendimeve t\u00eb K\u00ebshillit Bashkiak p\u00ebr periudh\u00ebn 2020-2023, duke shp\u00ebrdoruar detyr\u00ebn dhe duke d\u00ebmtuar r\u00ebnd\u00eb interesat e ligjsh\u00ebm t\u00eb shtetit<\/em>,&#8221; thuhet n\u00eb njoftimin e Prokuroris\u00eb.<\/p>\n<p><strong>NJOFTIMI I PROKURORISE<\/strong><\/p>\n<p>Me k\u00ebrkes\u00eb t\u00eb Prokuroris\u00eb Kor\u00e7\u00eb caktohet \u2018Detyrim paraqitje\u2019 dhe pezullohen nga detyra zyrtar\u00ebt e Bashkis\u00eb, llogarit\u00ebn n\u00eb m\u00ebnyr\u00eb t\u00eb paligjshme taks\u00ebn p\u00ebr nd\u00ebrtimet dhe komplekset e luksit. Kat\u00ebr punonj\u00ebs t\u00eb Bashkis\u00eb Kor\u00e7\u00eb, Drejtoris\u00eb s\u00eb Planifikimit dhe Kontrollit t\u00eb Zhvillimit t\u00eb Territorit, Sektorit t\u00eb Kontrollit t\u00eb Zhvillimit t\u00eb Territorit q\u00eb merren me shqyrtimin e k\u00ebrkesave p\u00ebr leje (deklarata, leje zhvillimi, leje nd\u00ebrtimi, deklarata paraprake, certifikata p\u00ebrdorimi) pran\u00eb Bashkis\u00eb Kor\u00e7\u00eb, u pezulluan nga detyra dhe ndaj tyre u caktua masa e sigurimit personal \u201cDetyrim p\u00ebr t\u2019u paraqitur n\u00eb policin\u00eb gjyq\u00ebsore\u201d me k\u00ebrkes\u00eb t\u00eb Prokuroris\u00eb pran\u00eb Gjykat\u00ebs s\u00eb Juridiksionit t\u00eb P\u00ebrgjithsh\u00ebm Kor\u00e7\u00eb.<\/p>\n<p>Personat n\u00ebn hetim, dyshohet se kan\u00eb favorizuar n\u00eb m\u00ebnyr\u00eb t\u00eb paligjshme dhe me q\u00ebllime p\u00ebrfitimi individual subjekte dhe individ\u00eb t\u00eb ve\u00e7ant\u00eb, duke llogaritur n\u00eb m\u00ebnyr\u00eb t\u00eb paligjshme taks\u00ebn e ndikimit n\u00eb infrastruktur\u00eb p\u00ebr nd\u00ebrtimet e reja dhe komplekset e luksit n\u00eb lagjet 1, 2, 3 11, 12 t\u00eb qytetit t\u00eb Kor\u00e7\u00ebs n\u00eb mas\u00eb m\u00eb t\u00eb ul\u00ebt se sa duhej t\u00eb paguhej n\u00eb baz\u00eb t\u00eb ligjit 107\/2014, VKM 408, dat\u00eb 13.05.2018 apo dhe Vendimeve t\u00eb K\u00ebshillit Bashkiak p\u00ebr periudh\u00ebn 2020-2023, duke shp\u00ebrdoruar detyr\u00ebn dhe duke d\u00ebmtuar r\u00ebnd\u00eb interesat e ligjsh\u00ebm t\u00eb shtetit.<br \/>\nP\u00ebr rrjedhoj\u00eb, n\u00eb dat\u00ebn 09.04.2024, nga ana e Oficer\u00ebve t\u00eb Policis\u00eb Gjyq\u00ebsore pran\u00eb Drejtoris\u00eb Vendore t\u00eb Policis\u00eb Kor\u00e7\u00eb, u ekzekutua vendimi nr.106 regj, dat\u00eb 26.03.2024, i Gjykat\u00ebs s\u00eb Shkall\u00ebs s\u00eb Par\u00eb t\u00eb Juridiksionit t\u00eb P\u00ebrgjithsh\u00ebm Kor\u00e7\u00eb. Gjykata e Shkall\u00ebs s\u00eb Par\u00eb t\u00eb Juridiksionit t\u00eb P\u00ebrgjithsh\u00ebm Kor\u00e7\u00eb ka vendosur caktimin e masave t\u00eb sigurimit personal: \u201cDetyrimi p\u00ebr t\u2019u paraqitur n\u00eb policin\u00eb gjyq\u00ebsore\u201d, parashikuar nga neni 234 i Kodit t\u00eb Procedur\u00ebs Penale dhe \u201cPezullimi i ushtrimit t\u00eb nj\u00eb detyre a funksioni publik\u201d parashikuar nga neni 242 i K.Pr.Penale ndaj shtetasve n\u00ebn hetim:<\/p>\n<p>1. Zh. L., lindur dhe banues n\u00eb Kor\u00e7\u00eb, me detyr\u00eb Drejtore e Drejtoris\u00eb s\u00eb Planifikimit dhe Kontrollit t\u00eb Zhvillimit t\u00eb Territorit, Bashkia Kor\u00e7\u00eb, e dyshuar p\u00ebr kryerjen e vepr\u00ebs penale \u201cShp\u00ebrdorimi i detyr\u00ebs\u201d parashikuar nga neni 248 i Kodit Penal;<\/p>\n<p>2. E. G., lindur dhe banues n\u00eb Kor\u00e7\u00eb, me detyr\u00eb e P\u00ebrgjegj\u00ebs i Sektorit pran\u00eb Drejtoris\u00eb s\u00eb Planifikimit dhe Kontrollit t\u00eb Zhvillimit t\u00eb Territorit, Bashkia Kor\u00e7\u00eb, i dyshuar p\u00ebr kryerjen e vepr\u00ebs penale \u201cShp\u00ebrdorimi i detyr\u00ebs\u201d parashikuar nga neni 248 i Kodit Penal.<\/p>\n<p>3. O. P., lindur dhe banues n\u00eb Kor\u00e7\u00eb, me detyr\u00eb specialist i Buxhetit, si dhe n\u00eb cil\u00ebsin\u00eb e specialistit t\u00eb p\u00ebrllogaritjes s\u00eb taks\u00ebs s\u00eb ndikimit t\u00eb infrastruktur\u00ebs, Bashkia Kor\u00e7\u00eb, i dyshuar p\u00ebr kryerjen e vepr\u00ebs penale \u201cShp\u00ebrdorimi i detyr\u00ebs\u201d parashikuar nga neni 248 i Kodit Penal; dhe<\/p>\n<p>4. S. P., lindur dhe banues n\u00eb Kor\u00e7\u00eb, me detyr\u00eb Drejtor i Drejtoris\u00eb s\u00eb Taksave dhe Tarifave Vendore, Bashkia Kor\u00e7\u00eb, i dyshuar p\u00ebr kryerjen e vepr\u00ebs penale \u201cMoskall\u00ebzimi i krimit\u201d parashikuar nga neni 300 i Kodit Penal.<\/p>\n","protected":false},"excerpt":{"rendered":"<p>Kat\u00ebr punonj\u00ebs t\u00eb Bashkis\u00eb s\u00eb Kor\u00e7\u00ebs jan\u00eb pezulluar nga detyra, pasi jan\u00eb marr\u00eb n\u00ebn hetim p\u00ebr shp\u00ebrdorim detyre. Ata akuzohen se kan\u00eb llogaritur n\u00eb m\u00ebnyr\u00eb t\u00eb paligjshme taks\u00ebn p\u00ebr nd\u00ebrtimet dhe komplekset e luksit, duke vendosur n\u00eb mas\u00eb m\u00eb t\u00eb ul\u00ebt se sa duhej t\u00eb paguhej n\u00eb baz\u00eb t\u00eb ligjit. Ndaj tyre, me k\u00ebrkes\u00eb t\u00eb [&hellip;]<\/p>\n","protected":false},"author":5,"featured_media":61159,"comment_status":"closed","ping_status":"closed","sticky":false,"template":"","format":"standard","meta":{"footnotes":""},"categories":[1,6332,29228],"tags":[30472,30473],"class_list":{"0":"post-73516","1":"post","2":"type-post","3":"status-publish","4":"format-standard","5":"has-post-thumbnail","7":"category-aktualitet","8":"category-te-fundit","9":"category-vendi","10":"tag-emrat-u-falen-ndertuesve-taksat","11":"tag-pezullohen-4-punonjes-te-bashkise"},"_links":{"self":[{"href":"https:\/\/jugulajm.net\/index.php?rest_route=\/wp\/v2\/posts\/73516","targetHints":{"allow":["GET"]}}],"collection":[{"href":"https:\/\/jugulajm.net\/index.php?rest_route=\/wp\/v2\/posts"}],"about":[{"href":"https:\/\/jugulajm.net\/index.php?rest_route=\/wp\/v2\/types\/post"}],"author":[{"embeddable":true,"href":"https:\/\/jugulajm.net\/index.php?rest_route=\/wp\/v2\/users\/5"}],"replies":[{"embeddable":true,"href":"https:\/\/jugulajm.net\/index.php?rest_route=%2Fwp%2Fv2%2Fcomments&post=73516"}],"version-history":[{"count":0,"href":"https:\/\/jugulajm.net\/index.php?rest_route=\/wp\/v2\/posts\/73516\/revisions"}],"wp:featuredmedia":[{"embeddable":true,"href":"https:\/\/jugulajm.net\/index.php?rest_route=\/wp\/v2\/media\/61159"}],"wp:attachment":[{"href":"https:\/\/jugulajm.net\/index.php?rest_route=%2Fwp%2Fv2%2Fmedia&parent=73516"}],"wp:term":[{"taxonomy":"category","embeddable":true,"href":"https:\/\/jugulajm.net\/index.php?rest_route=%2Fwp%2Fv2%2Fcategories&post=73516"},{"taxonomy":"post_tag","embeddable":true,"href":"https:\/\/jugulajm.net\/index.php?rest_route=%2Fwp%2Fv2%2Ftags&post=73516"}],"curies":[{"name":"wp","href":"https:\/\/api.w.org\/{rel}","templated":true}]}}