{"id":73503,"date":"2024-04-09T21:10:04","date_gmt":"2024-04-09T19:10:04","guid":{"rendered":"https:\/\/jugulajm.net\/?p=73503"},"modified":"2024-04-09T21:10:04","modified_gmt":"2024-04-09T19:10:04","slug":"emri-foto-apeli-denon-me-12-vite-burg-noteren-ja-akuzat","status":"publish","type":"post","link":"https:\/\/jugulajm.net\/?p=73503","title":{"rendered":"EMRI-FOTO\/ Apeli d\u00ebnon me 12-vite burg noteren, ja akuzat&#8230;"},"content":{"rendered":"<p>Noterja Rezarta Ko\u00e7i \u00ebsht\u00eb d\u00ebnuar dit\u00ebn e sotme me 12 vite burg nga Gjykata e Apelit. Nga ulja e d\u00ebnimit p\u00ebrfundimisht do t\u00eb kryej\u00eb tet\u00eb vite burg.<\/p>\n<p>Noterja u arrestua m\u00eb 4 shkurt 2022 p\u00ebr mashtrim, vjedhje dhe shp\u00ebrdorim detyre. N\u00eb grack\u00ebn e k\u00ebtyre mashtimeve ishin pronar\u00ebt e pasurive t\u00eb paluajtshme apo t\u00eb hoteleve, nd\u00ebrsa p\u00ebrmes mashtrimit kishte arritur t\u00eb p\u00ebrvet\u00ebsonte 2 mln euro, q\u00eb m\u00eb pas i kalonte n\u00eb llogarin\u00eb personale.<\/p>\n<p><strong>Njoftimi:\u00a0<\/strong><\/p>\n<p><em>Referuar raportimeve t\u00eb m\u00ebparshme n\u00eb media, Gjykata e Apelit t\u00eb Juridiksionit t\u00eb P\u00ebrgjithsh\u00ebm, informon sa m\u00eb posht\u00eb: Mbi baz\u00ebn e materialit referues t\u00eb Drejtoris\u00eb Vendore t\u00eb Policis\u00eb Tiran\u00eb, Prokuroria pran\u00eb Gjykat\u00ebs s\u00eb Rrethit Gjyq\u00ebsor Tiran\u00eb, ka regjistruar procedimin penal p\u00ebr vepr\u00ebn penale t\u00eb \u201cVjedhjes duke shp\u00ebrdoruar detyr\u00ebn\u201d, parashikuar nga neni 135 i Kodit Penal. Nga materialet e referuara nga Drejtoria Vendore e Policis\u00eb Tiran\u00eb, n\u00eb p\u00ebrmbajtje t\u00eb tyre rezulton se ndaj noteres me iniciale Rezarta Ko\u00e7i n\u00eb periudha t\u00eb ndryshme kohore, jan\u00eb paraqitur kall\u00ebzime nga shtetasit me inicialet E. Q, P. Z, E. N, F. D, duke pretenduar se duke shp\u00ebrdoruar detyr\u00ebn u ka vjedhur nj\u00eb shum\u00eb parash.<\/em><\/p>\n<p><em>N\u00eb Gjykat\u00ebn e Rrethit Gjyq\u00ebsor Tiran\u00eb, \u00ebsht\u00eb zhvilluar gjykimi lidhur me \u00e7\u00ebshtjen penale q\u00eb i p\u00ebrket t\u00eb pandehur\u00ebs me iniciale R. K, e akuzuar p\u00ebr kryerjen e veprave penale \u201cVjedhje duke shp\u00ebrdoruar detyr\u00ebn\u201d,\u00a0 kryer n\u00eb kat\u00ebr raste dhe \u201cFalsifikimi i dokumenteve\u201d, m\u00eb shum\u00eb se nj\u00eb her\u00eb, parashikuar nga nenet 135 dhe 186\/2\u00a0 t\u00eb\u00a0 Kodit Penal. Gjykata e Rrethit Gjyq\u00ebsor Tiran\u00eb, me vendimin nr. 313, dat\u00eb 08.02.2023 ka vendosur:<\/em><\/p>\n<p><em>1.Deklarimin e t\u00eb pandehur\u00ebs R. K fajtore p\u00ebr vepr\u00ebn penale t\u00eb \u201cVjedhja duke shp\u00ebrdoruar detyr\u00ebn\u201d n\u00eb d\u00ebm t\u00eb viktim\u00ebs P. Z, dhe d\u00ebnimin e saj n\u00eb baz\u00eb t\u00eb nenit 135 t\u00eb Kodit Penal me 5 (pese) vjet burgim.<\/em><\/p>\n<p><em>2.Deklarimin e t\u00eb pandehur\u00ebs R. K fajtore p\u00ebr vepr\u00ebn penale t\u00eb \u201cVjedhja duke shp\u00ebrdoruar detyr\u00ebn\u201d n\u00eb d\u00ebm t\u00eb viktim\u00ebs E. Q dhe d\u00ebnimin e saj n\u00eb baz\u00eb t\u00eb nenit 135 t\u00eb Kodit Penal me 5 (pese) vjet burgim.<\/em><\/p>\n<p><em>3.Deklarimin e t\u00eb pandehur\u00ebs R. K fajtore p\u00ebr vepr\u00ebn penale t\u00eb \u201cVjedhja duke shp\u00ebrdoruar detyr\u00ebn\u201d n\u00eb d\u00ebm t\u00eb viktim\u00ebs E. N dhe d\u00ebnimin e saj n\u00eb baz\u00eb t\u00eb nenit 135 t\u00eb Kodit Penal me 5 (pese)\u00a0 vjet burgim.<\/em><\/p>\n<p><em>4.Deklarimin e t\u00eb pandehur\u00ebs R. K fajtore p\u00ebr vepr\u00ebn penale t\u00eb \u201cVjedhja duke shp\u00ebrdoruar detyr\u00ebn\u201d n\u00eb d\u00ebm t\u00eb viktim\u00ebs F. D dhe n\u00eb baz\u00eb t\u00eb nenit 135 t\u00eb Kodit Penal dhe d\u00ebnimin e saj me 5 (pese) vjet burgim.<\/em><\/p>\n<p><em>Deklarimin e t\u00eb pandehur\u00ebs R. K fajtore p\u00ebr vepr\u00ebn penale t\u00eb \u201cFalsifikimi i dokumentave\u201d m\u00eb shum\u00eb se nj\u00eb her\u00eb,\u201d dhe d\u00ebnimin e saj n\u00eb baz\u00eb t\u00eb nenit 186\/2 t\u00eb Kodit Penal me 2 (dy) vjet burgim. N\u00eb zbatim t\u00eb nenit 55 t\u00eb K. Penal, n\u00eb bashkim t\u00eb d\u00ebnimeve, e d\u00ebnon t\u00eb pandehur\u00ebn R. K me nj\u00eb d\u00ebnim t\u00eb vet\u00ebm prej 15 (pes\u00ebmb\u00ebdhjet\u00eb) vjet burgim.<\/em><\/p>\n<p><em>N\u00eb zbatim t\u00eb nenit 406 te Kodit te PR. Penale, i ulet 1\/3 e mas\u00ebs se d\u00ebnimit duke e d\u00ebnuar p\u00ebrfundimisht te pandehur\u00ebn R. K me 10 (dhjet\u00eb) vjet burgim. Vuajtja e d\u00ebnimit i fillon te pandehur\u00ebs nga dita e arrestimit te saj ne lidhje me k\u00ebt\u00eb \u00e7\u00ebshtje. D\u00ebnimi te kryhet ne nj\u00eb burg te siguris\u00eb se zakonshme. \u00c7\u00ebshtja n\u00eb apel u shqyrtua mbi baz\u00ebn e ankimit t\u00eb\u00a0 b\u00ebr\u00eb nga e pandehura me iniciale R. K, e cila k\u00ebrkoi:<\/em><\/p>\n<p><em>1.Ndryshimin e vendimit t\u00eb Gjykat\u00ebs s\u00eb Shkall\u00ebs s\u00eb Par\u00eb t\u00eb Juridiksionit t\u00eb P\u00ebrgjithsh\u00ebm Tiran\u00eb si m\u00eb posht\u00eb:<\/em><\/p>\n<p><em>Ndryshimin e cil\u00ebsimit juridik t\u00eb vepr\u00ebs penale nga \u201cvjedhje me shp\u00ebrdorim detyre\u201d parashikuar nga neni 135 i Kodit Penal i cil\u00ebsuar 4 her\u00eb, n\u00eb \u201cmashtrim\u201d duke e cil\u00ebsuar vet\u00ebm nj\u00eb her\u00eb sipas nenit 143 t\u00eb Kodit Penal. Shtimin n\u00eb kualifikimin e vepr\u00ebs penale edhe t\u00eb rrethanave leht\u00ebsuese: \u201cpendimi i thell\u00eb i t\u00eb pandehur\u00ebs\u201d dhe \u201cp\u00ebrpjekje p\u00ebr pak\u00ebsimin e pasojave t\u00eb vepr\u00ebs penale\u201d, t\u00eb parashikuara nga neni 48 shkronjat \u201c\u00e7\u201d dhe \u201cd\u201d t\u00eb Kodit Penal.<\/em><\/p>\n<p><em>Zbutjen e mas\u00ebs s\u00eb d\u00ebnimit duke caktuar p\u00ebr t\u00eb pandehur\u00ebn R. K nj\u00eb d\u00ebnim deri 5 vjet burgim n\u00eb maksimum brenda kufijve t\u00eb d\u00ebnimit t\u00eb parashikuar p\u00ebr vepr\u00ebn penale \u201cmashtrim\u201d parashikuar nga neni 143 i Kodit Penal.<\/em><\/p>\n<p><em>Deklarimin e pafajsh\u00ebm t\u00eb t\u00eb pandehur\u00ebs R. K p\u00ebr vepr\u00ebn penale t\u00eb \u201cfalsifikimit t\u00eb dokumentave\u201d, t\u00eb kryer m\u00eb shum\u00eb se nj\u00eb her\u00eb, parashikuar nga neni 186\/2 i Kodit Penal.<\/em><\/p>\n<p><em>N\u00eb rast t\u00eb mos pranimit t\u00eb ndryshimit t\u00eb kualifikimit sipas nenit 143 t\u00eb Kodit Penal, ndryshimin e kualifikimit duke e cil\u00ebsuar vepr\u00ebn penale t\u00eb kryer prej saj vet\u00ebm 1 her\u00eb sipas nenit 135 t\u00eb Kodit Penal. Zbutjen e d\u00ebnimit t\u00eb s\u00eb pandehur\u00ebs R. K duke caktuar ndaj saj nj\u00eb d\u00ebnim jo m\u00eb shum\u00eb se 5 vjet burgim.<\/em><\/p>\n<p><em>N\u00eb rast se pas caktimit t\u00eb d\u00ebnimit do t\u00eb rezultoj\u00eb se masa e mbetur e d\u00ebnimit do t\u00eb jet\u00eb m\u00eb pak se 2 vjet burgim, urdh\u00ebrimin e vuajtjes s\u00eb pjes\u00ebs s\u00eb mbetur t\u00eb d\u00ebnimit n\u00eb banes\u00eb sipas nenit 59\/a shkronja \u201ca\u201d t\u00eb Kodit Penal, me q\u00ebllim q\u00eb e pandehura R. K t\u00eb mund t\u00eb ushtroj\u00eb p\u00ebrgjegj\u00ebsin\u00eb prind\u00ebrore p\u00ebr dy f\u00ebmij\u00ebt e saj t\u00eb mitur p\u00ebrkat\u00ebsisht 8 vje\u00e7 dhe 13 vje\u00e7.<\/em><\/p>\n<p><em>N\u00eb p\u00ebrfundim t\u00eb gjykimit, m\u00eb dat\u00eb 04.04.2024, Gjykata e Apelit t\u00eb Juridiksionit t\u00eb P\u00ebrgjithsh\u00ebm, e p\u00ebrb\u00ebr\u00eb nga trupi gjykues me Relatore Gjyqtare znj. Lutfije Celami dhe an\u00ebtare znj. Miranda Andoni dhe z. Qemal Zaimi, vendosi: \u2013 L\u00ebnien n\u00eb fuqi t\u00eb vendimit Nr.313 dat\u00eb 08.02.2023 t\u00eb Gjykat\u00ebs s\u00eb Rrethit Gjyq\u00ebsor Tiran\u00eb me ndryshimin si vijon: \u2013 N\u00eb baz\u00eb t\u00eb nenit 55 t\u00eb Kodit Penal pas bashkimit t\u00eb d\u00ebnimeve, e pandehura R. K d\u00ebnohet me nj\u00eb d\u00ebnim t\u00eb vet\u00ebm prej 12 (dymb\u00ebdhjet\u00eb) vite burgim. \u2013 N\u00eb aplikim t\u00eb nenit 406 t\u00eb Kodit t\u00eb Procedur\u00ebs Penale pas uljes s\u00eb d\u00ebnimit me 1\/3, e pandehura R. K\u00a0 d\u00ebnohet p\u00ebrfundimisht me 8 (tet\u00eb) vite burgim.<\/em><\/p>\n","protected":false},"excerpt":{"rendered":"<p>Noterja Rezarta Ko\u00e7i \u00ebsht\u00eb d\u00ebnuar dit\u00ebn e sotme me 12 vite burg nga Gjykata e Apelit. Nga ulja e d\u00ebnimit p\u00ebrfundimisht do t\u00eb kryej\u00eb tet\u00eb vite burg. Noterja u arrestua m\u00eb 4 shkurt 2022 p\u00ebr mashtrim, vjedhje dhe shp\u00ebrdorim detyre. N\u00eb grack\u00ebn e k\u00ebtyre mashtimeve ishin pronar\u00ebt e pasurive t\u00eb paluajtshme apo t\u00eb hoteleve, nd\u00ebrsa [&hellip;]<\/p>\n","protected":false},"author":5,"featured_media":73504,"comment_status":"closed","ping_status":"closed","sticky":false,"template":"","format":"standard","meta":{"footnotes":""},"categories":[1,6332,29228],"tags":[30468,23762],"class_list":{"0":"post-73503","1":"post","2":"type-post","3":"status-publish","4":"format-standard","5":"has-post-thumbnail","7":"category-aktualitet","8":"category-te-fundit","9":"category-vendi","10":"tag-emri-foto-apeli-denon-me-12-vite-burg-noteren","11":"tag-ja-akuzat"},"_links":{"self":[{"href":"https:\/\/jugulajm.net\/index.php?rest_route=\/wp\/v2\/posts\/73503","targetHints":{"allow":["GET"]}}],"collection":[{"href":"https:\/\/jugulajm.net\/index.php?rest_route=\/wp\/v2\/posts"}],"about":[{"href":"https:\/\/jugulajm.net\/index.php?rest_route=\/wp\/v2\/types\/post"}],"author":[{"embeddable":true,"href":"https:\/\/jugulajm.net\/index.php?rest_route=\/wp\/v2\/users\/5"}],"replies":[{"embeddable":true,"href":"https:\/\/jugulajm.net\/index.php?rest_route=%2Fwp%2Fv2%2Fcomments&post=73503"}],"version-history":[{"count":0,"href":"https:\/\/jugulajm.net\/index.php?rest_route=\/wp\/v2\/posts\/73503\/revisions"}],"wp:featuredmedia":[{"embeddable":true,"href":"https:\/\/jugulajm.net\/index.php?rest_route=\/wp\/v2\/media\/73504"}],"wp:attachment":[{"href":"https:\/\/jugulajm.net\/index.php?rest_route=%2Fwp%2Fv2%2Fmedia&parent=73503"}],"wp:term":[{"taxonomy":"category","embeddable":true,"href":"https:\/\/jugulajm.net\/index.php?rest_route=%2Fwp%2Fv2%2Fcategories&post=73503"},{"taxonomy":"post_tag","embeddable":true,"href":"https:\/\/jugulajm.net\/index.php?rest_route=%2Fwp%2Fv2%2Ftags&post=73503"}],"curies":[{"name":"wp","href":"https:\/\/api.w.org\/{rel}","templated":true}]}}