{"id":73454,"date":"2024-04-08T17:53:36","date_gmt":"2024-04-08T15:53:36","guid":{"rendered":"https:\/\/jugulajm.net\/?p=73454"},"modified":"2024-04-08T17:54:46","modified_gmt":"2024-04-08T15:54:46","slug":"akuzoi-60-vjecarin-per-perdhunim-flet-16-vjecarjado-te-ther-po-tregove-dhe","status":"publish","type":"post","link":"https:\/\/jugulajm.net\/?p=73454","title":{"rendered":"Akuzoi 60-vje\u00e7arin p\u00ebr p\u00ebrdhunim, flet 16-vje\u00e7arja: M\u00eb tha se do t\u00eb ther po tregove dhe&#8230;"},"content":{"rendered":"<p>16-vje\u00e7arja nga Tirana e cila akuzoi disa dit\u00eb m\u00eb par\u00eb fqinjin e saj se e ka p\u00ebrdhunuar, ka rr\u00ebfyer t\u00eb tjera detaje mbi ngjarjen e r\u00ebnd\u00eb.<\/p>\n<p>N\u00eb emisionin &#8220;Me zem\u00ebr t\u00eb hapur&#8221; n\u00eb News24, ajo tha se \u00ebsht\u00eb k\u00ebrc\u00ebnuar me thik\u00eb nga 60-vje\u00e7ari, teksa ky i fundit, sipas saj, i ka th\u00ebn\u00eb se do ia vras\u00eb edhe t\u00eb af\u00ebrmit.<\/p>\n<p><strong>Adoleshentja:<\/strong>\u00a0<em>Kam pasur mb\u00ebshtetjen e gjyshes dhe babait. Kam pasur vet\u00ebm mb\u00ebshtetjen e t\u00eb af\u00ebrmve, jo t\u00eb institucioneve. Kam qen\u00eb duke ardhur nga shkolla. M\u00eb ka k\u00ebrc\u00ebnuar me thik\u00eb. Pastaj m\u00eb ka futur n\u00eb nj\u00eb banes\u00eb, ku nuk ka m\u00eb banor. <\/em><em>M\u00eb tha mos trego se do t\u00eb ther. M\u00eb ka mbajtur 2 or\u00eb. M\u00eb ka th\u00ebn\u00eb mos trego se do t\u00eb ther ty dhe njer\u00ebzit e sht\u00ebpis\u00eb. P\u00ebr 3 muaj un\u00eb nuk kam treguar sepse kisha frik\u00eb.<\/em><\/p>\n<p><em>Prap\u00eb m\u00eb doli p\u00ebrpara dhe aty m\u00eb ka par\u00eb nj\u00eb person. Ai i tha 60-vje\u00e7arit q\u00eb nuk ke turp q\u00eb merresh me f\u00ebmij\u00eb. Pastaj m\u00eb liroi. Ka abuzuar disa her\u00eb, p\u00ebr 3 muaj resht. <\/em><\/p>\n<p><em>M\u00eb merrte n\u00eb telefon dhe m\u00eb thoshte hajde n\u00eb k\u00ebt\u00eb vend. Ai kishte dy numra dhe m\u00eb thoshte m\u00eb merr n\u00eb celular. Mesazhet e shk\u00ebmbyera i ka Komisariati 1. Ai i binte telefonit dhe t\u00eb af\u00ebrmit e zbuluan.<\/em><\/p>\n","protected":false},"excerpt":{"rendered":"<p>16-vje\u00e7arja nga Tirana e cila akuzoi disa dit\u00eb m\u00eb par\u00eb fqinjin e saj se e ka p\u00ebrdhunuar, ka rr\u00ebfyer t\u00eb tjera detaje mbi ngjarjen e r\u00ebnd\u00eb. N\u00eb emisionin &#8220;Me zem\u00ebr t\u00eb hapur&#8221; n\u00eb News24, ajo tha se \u00ebsht\u00eb k\u00ebrc\u00ebnuar me thik\u00eb nga 60-vje\u00e7ari, teksa ky i fundit, sipas saj, i ka th\u00ebn\u00eb se do ia [&hellip;]<\/p>\n","protected":false},"author":5,"featured_media":59306,"comment_status":"closed","ping_status":"closed","sticky":false,"template":"","format":"standard","meta":{"footnotes":""},"categories":[1,6332,29228],"tags":[30441,30443],"class_list":{"0":"post-73454","1":"post","2":"type-post","3":"status-publish","4":"format-standard","5":"has-post-thumbnail","7":"category-aktualitet","8":"category-te-fundit","9":"category-vendi","10":"tag-akuzoi-60-vjecarin-per-perdhunim","11":"tag-flet-16-vjecarja-me-tha-se-do-te-ther-po-tregove-dhe"},"_links":{"self":[{"href":"https:\/\/jugulajm.net\/index.php?rest_route=\/wp\/v2\/posts\/73454","targetHints":{"allow":["GET"]}}],"collection":[{"href":"https:\/\/jugulajm.net\/index.php?rest_route=\/wp\/v2\/posts"}],"about":[{"href":"https:\/\/jugulajm.net\/index.php?rest_route=\/wp\/v2\/types\/post"}],"author":[{"embeddable":true,"href":"https:\/\/jugulajm.net\/index.php?rest_route=\/wp\/v2\/users\/5"}],"replies":[{"embeddable":true,"href":"https:\/\/jugulajm.net\/index.php?rest_route=%2Fwp%2Fv2%2Fcomments&post=73454"}],"version-history":[{"count":0,"href":"https:\/\/jugulajm.net\/index.php?rest_route=\/wp\/v2\/posts\/73454\/revisions"}],"wp:featuredmedia":[{"embeddable":true,"href":"https:\/\/jugulajm.net\/index.php?rest_route=\/wp\/v2\/media\/59306"}],"wp:attachment":[{"href":"https:\/\/jugulajm.net\/index.php?rest_route=%2Fwp%2Fv2%2Fmedia&parent=73454"}],"wp:term":[{"taxonomy":"category","embeddable":true,"href":"https:\/\/jugulajm.net\/index.php?rest_route=%2Fwp%2Fv2%2Fcategories&post=73454"},{"taxonomy":"post_tag","embeddable":true,"href":"https:\/\/jugulajm.net\/index.php?rest_route=%2Fwp%2Fv2%2Ftags&post=73454"}],"curies":[{"name":"wp","href":"https:\/\/api.w.org\/{rel}","templated":true}]}}