{"id":73452,"date":"2024-04-08T16:46:54","date_gmt":"2024-04-08T14:46:54","guid":{"rendered":"https:\/\/jugulajm.net\/?p=73452"},"modified":"2024-04-08T16:46:54","modified_gmt":"2024-04-08T14:46:54","slug":"emrat-ndryshime-drejtuesish-ne-polici-ja-kush-iken-dhe-kush-vjen","status":"publish","type":"post","link":"https:\/\/jugulajm.net\/?p=73452","title":{"rendered":"EMRAT\/ Ndryshime drejtuesish n\u00eb polici, ja kush ik\u00ebn dhe kush vjen&#8230;"},"content":{"rendered":"<p>Me urdh\u00ebr t\u00eb Drejtorit t\u00eb P\u00ebrgjithsh\u00ebm t\u00eb Policis\u00eb s\u00eb Shtetit, Muhamet Rrumbullaku, n\u00eb Drejtorin\u00eb Vendore t\u00eb Policis\u00eb Fier, ka pasur ndryshime n\u00eb rang drejtuesish.<\/p>\n<p>K\u00ebshtu b\u00ebhet me dije se \u00ebsht\u00eb larguar shefi i Qarkullimit, Emin Harizi dhe shefi i rendit, Kastriot Ndoji.<\/p>\n<p>Nd\u00ebrkoh\u00eb q\u00eb Shefi i ri i Qarkullimit \u00ebsht\u00eb em\u00ebruar Lulzim Marini, kurse n\u00eb krye t\u00eb rendit \u00ebsht\u00eb vendosur Eriseld Buzi.<\/p>\n","protected":false},"excerpt":{"rendered":"<p>Me urdh\u00ebr t\u00eb Drejtorit t\u00eb P\u00ebrgjithsh\u00ebm t\u00eb Policis\u00eb s\u00eb Shtetit, Muhamet Rrumbullaku, n\u00eb Drejtorin\u00eb Vendore t\u00eb Policis\u00eb Fier, ka pasur ndryshime n\u00eb rang drejtuesish. K\u00ebshtu b\u00ebhet me dije se \u00ebsht\u00eb larguar shefi i Qarkullimit, Emin Harizi dhe shefi i rendit, Kastriot Ndoji. Nd\u00ebrkoh\u00eb q\u00eb Shefi i ri i Qarkullimit \u00ebsht\u00eb em\u00ebruar Lulzim Marini, kurse n\u00eb [&hellip;]<\/p>\n","protected":false},"author":5,"featured_media":49737,"comment_status":"closed","ping_status":"closed","sticky":false,"template":"","format":"standard","meta":{"footnotes":""},"categories":[1,6332,29228],"tags":[30440,24480],"class_list":{"0":"post-73452","1":"post","2":"type-post","3":"status-publish","4":"format-standard","5":"has-post-thumbnail","7":"category-aktualitet","8":"category-te-fundit","9":"category-vendi","10":"tag-emrat-ndryshime-drejtuesish-ne-polici","11":"tag-ja-kush-iken-dhe-kush-vjen"},"_links":{"self":[{"href":"https:\/\/jugulajm.net\/index.php?rest_route=\/wp\/v2\/posts\/73452","targetHints":{"allow":["GET"]}}],"collection":[{"href":"https:\/\/jugulajm.net\/index.php?rest_route=\/wp\/v2\/posts"}],"about":[{"href":"https:\/\/jugulajm.net\/index.php?rest_route=\/wp\/v2\/types\/post"}],"author":[{"embeddable":true,"href":"https:\/\/jugulajm.net\/index.php?rest_route=\/wp\/v2\/users\/5"}],"replies":[{"embeddable":true,"href":"https:\/\/jugulajm.net\/index.php?rest_route=%2Fwp%2Fv2%2Fcomments&post=73452"}],"version-history":[{"count":0,"href":"https:\/\/jugulajm.net\/index.php?rest_route=\/wp\/v2\/posts\/73452\/revisions"}],"wp:featuredmedia":[{"embeddable":true,"href":"https:\/\/jugulajm.net\/index.php?rest_route=\/wp\/v2\/media\/49737"}],"wp:attachment":[{"href":"https:\/\/jugulajm.net\/index.php?rest_route=%2Fwp%2Fv2%2Fmedia&parent=73452"}],"wp:term":[{"taxonomy":"category","embeddable":true,"href":"https:\/\/jugulajm.net\/index.php?rest_route=%2Fwp%2Fv2%2Fcategories&post=73452"},{"taxonomy":"post_tag","embeddable":true,"href":"https:\/\/jugulajm.net\/index.php?rest_route=%2Fwp%2Fv2%2Ftags&post=73452"}],"curies":[{"name":"wp","href":"https:\/\/api.w.org\/{rel}","templated":true}]}}