{"id":73430,"date":"2024-04-07T14:03:37","date_gmt":"2024-04-07T12:03:37","guid":{"rendered":"https:\/\/jugulajm.net\/?p=73430"},"modified":"2024-04-07T14:03:37","modified_gmt":"2024-04-07T12:03:37","slug":"prangoset-61-vjecari-dhunoi-bashkeshorten-dhe-2-femijet","status":"publish","type":"post","link":"https:\/\/jugulajm.net\/?p=73430","title":{"rendered":"Prangoset 61-vje\u00e7ari, dhunoi bashk\u00ebshorten dhe 2 f\u00ebmij\u00ebt"},"content":{"rendered":"<p>Nj\u00eb 61-vje\u00e7ar ka r\u00ebn\u00eb n\u00eb prangat e policis\u00eb n\u00eb Kor\u00e7\u00eb, pasi akuzohet p\u00ebr dhun\u00eb n\u00eb familje.<\/p>\n<p>Blut\u00eb e Kor\u00e7\u00ebs b\u00ebjn\u00eb me dije se shtetasi M.Gj , banues n\u00eb fshatin Baban, Devoll, dyshohet se ka ushtruar dhun\u00eb ndaj bashk\u00ebshortes s\u00eb tij dhe 2 djemve t\u00eb tyre, si dhe se i ka kanosur ata.<\/p>\n<p>Materialet procedurale i kaluan Prokuroris\u00eb pran\u00eb Gjykat\u00ebs s\u00eb Shkall\u00ebs s\u00eb Par\u00eb t\u00eb Juridiksionit t\u00eb P\u00ebrgjithsh\u00ebm Kor\u00e7\u00eb, p\u00ebr veprime t\u00eb m\u00ebtejshme.<\/p>\n","protected":false},"excerpt":{"rendered":"<p>Nj\u00eb 61-vje\u00e7ar ka r\u00ebn\u00eb n\u00eb prangat e policis\u00eb n\u00eb Kor\u00e7\u00eb, pasi akuzohet p\u00ebr dhun\u00eb n\u00eb familje. Blut\u00eb e Kor\u00e7\u00ebs b\u00ebjn\u00eb me dije se shtetasi M.Gj , banues n\u00eb fshatin Baban, Devoll, dyshohet se ka ushtruar dhun\u00eb ndaj bashk\u00ebshortes s\u00eb tij dhe 2 djemve t\u00eb tyre, si dhe se i ka kanosur ata. Materialet procedurale i [&hellip;]<\/p>\n","protected":false},"author":5,"featured_media":47017,"comment_status":"closed","ping_status":"closed","sticky":false,"template":"","format":"standard","meta":{"footnotes":""},"categories":[1,6332,29228],"tags":[30429,27114],"class_list":{"0":"post-73430","1":"post","2":"type-post","3":"status-publish","4":"format-standard","5":"has-post-thumbnail","7":"category-aktualitet","8":"category-te-fundit","9":"category-vendi","10":"tag-dhunoi-bashkeshorten-dhe-2-femijet","11":"tag-prangoset-61-vjecari"},"_links":{"self":[{"href":"https:\/\/jugulajm.net\/index.php?rest_route=\/wp\/v2\/posts\/73430","targetHints":{"allow":["GET"]}}],"collection":[{"href":"https:\/\/jugulajm.net\/index.php?rest_route=\/wp\/v2\/posts"}],"about":[{"href":"https:\/\/jugulajm.net\/index.php?rest_route=\/wp\/v2\/types\/post"}],"author":[{"embeddable":true,"href":"https:\/\/jugulajm.net\/index.php?rest_route=\/wp\/v2\/users\/5"}],"replies":[{"embeddable":true,"href":"https:\/\/jugulajm.net\/index.php?rest_route=%2Fwp%2Fv2%2Fcomments&post=73430"}],"version-history":[{"count":0,"href":"https:\/\/jugulajm.net\/index.php?rest_route=\/wp\/v2\/posts\/73430\/revisions"}],"wp:featuredmedia":[{"embeddable":true,"href":"https:\/\/jugulajm.net\/index.php?rest_route=\/wp\/v2\/media\/47017"}],"wp:attachment":[{"href":"https:\/\/jugulajm.net\/index.php?rest_route=%2Fwp%2Fv2%2Fmedia&parent=73430"}],"wp:term":[{"taxonomy":"category","embeddable":true,"href":"https:\/\/jugulajm.net\/index.php?rest_route=%2Fwp%2Fv2%2Fcategories&post=73430"},{"taxonomy":"post_tag","embeddable":true,"href":"https:\/\/jugulajm.net\/index.php?rest_route=%2Fwp%2Fv2%2Ftags&post=73430"}],"curies":[{"name":"wp","href":"https:\/\/api.w.org\/{rel}","templated":true}]}}