{"id":73396,"date":"2024-04-06T10:56:59","date_gmt":"2024-04-06T08:56:59","guid":{"rendered":"https:\/\/jugulajm.net\/?p=73396"},"modified":"2024-04-06T10:57:11","modified_gmt":"2024-04-06T08:57:11","slug":"emri-foto-50-vjecari-shqiptar-i-denuar-me-burg-perjete-ekstradohet-nga","status":"publish","type":"post","link":"https:\/\/jugulajm.net\/?p=73396","title":{"rendered":"EMRI-FOTO\/ 50-vje\u00e7ari shqiptar i d\u00ebnuar me burg p\u00ebrjet\u00eb, ekstradohet nga&#8230;"},"content":{"rendered":"<p>Policia e Shtetit ka dal\u00eb sot me nj\u00eb informacion zyrtar p\u00ebr ekstradimin nga Koreja e Jugut, e 50-vje\u00e7arit shqiptar t\u00eb d\u00ebnuar p\u00ebr vrasje. B\u00ebhet fjal\u00eb p\u00ebr shtetasin Ervin Shahini alias Spartak Lazaj, banues n\u00eb Tiran\u00eb.<\/p>\n<p><strong>Noftimi i policise:<\/strong><\/p>\n<p>Finalizohet me sukses ekstradimi i nj\u00eb shtetasi t\u00eb d\u00ebnuar me burgim t\u00eb p\u00ebrjetsh\u00ebm, i arrestuar n\u00eb kuad\u00ebr t\u00eb operacionit policor t\u00eb p\u00ebrbashk\u00ebt t\u00eb koduar \u201cSuporti\u201d. Operacioni fal\u00eb bashk\u00ebpunimit t\u00eb Drejtoris\u00eb s\u00eb Marr\u00ebdh\u00ebnieve Nd\u00ebrkomb\u00ebtare n\u00eb Policin\u00eb e Shtetit, Prokuroris\u00eb s\u00eb P\u00ebrgjithshme dhe autoriteteve policore t\u00eb Kores\u00eb s\u00eb Jugut.<\/p>\n<p>U ekstradua gjat\u00eb mesnat\u00ebs s\u00eb mbr\u00ebmshme 50-vje\u00e7ari i d\u00ebnuar p\u00ebr vepra t\u00eb r\u00ebnda penale kund\u00ebr personit. N\u00eb vijim t\u00eb bashk\u00ebpunimit mes Policis\u00eb s\u00eb Shtetit, agjencive ligjzbatuese brenda dhe jasht\u00eb vendit dhe homolog\u00ebve, p\u00ebr sigurimin dhe shk\u00ebmbimin e informacionit me q\u00ebllim kapjen dhe ekstradimin drejt vendeve reciproke t\u00eb t\u00eb k\u00ebrkuarave e shum\u00eb t\u00eb k\u00ebrkuarve, \u00ebsht\u00eb b\u00ebr\u00eb i mundur finalizimi i operacionit t\u00eb ekstradimit nga Seuli\/Republika e Kores\u00eb drejt vendit ton\u00eb, t\u00eb shtetasit shqiptar Ervin Shahini alias Spartak Lazaj, 50 vje\u00e7, banues n\u00eb Tiran\u00eb.<\/p>\n<p>Ky shtetas ishte shpallur n\u00eb k\u00ebrkim nd\u00ebrkomb\u00ebtar, pasi Gjykata e Apelit, Tiran\u00eb, e ka d\u00ebnuar me burgim t\u00eb p\u00ebrjetsh\u00ebm p\u00ebr veprat penale \u201cVjedhja me dhun\u00eb me pasoj\u00eb vdekjen\u201d, \u201cVjedhja me dhun\u00eb\u201d, kryer n\u00eb bashk\u00ebpunim dhe \u201cLargimi i t\u00eb burgosurit nga vendi i q\u00ebndrimit\u201d.<\/p>\n<p>Historik i shkurt\u00ebr i ngjarjeve kriminale: Ky shtetas, n\u00eb koh\u00eb t\u00eb ndryshme t\u00eb vitit 1995, duke p\u00ebrdorur arm\u00eb t\u00eb ftohta (thika), ka vrar\u00eb dhe plagosur shtetas q\u00eb punonin taksist\u00eb.<\/p>\n<div id=\"MDA34416\" class=\"\" data-adid=\"mdabalkanweb121885\" data-netid=\"137356148\" data-sizes=\"300x250\" data-google-query-id=\"CL2N_oqbrYUDFe8EvwQdGlEBJg\">\n<div id=\"google_ads_iframe_\/137356148\/mdabalkanweb121885_0__container__\">Pasi i faturonte si taksi, p\u00ebr t\u00eb shkuar n\u00eb destinacionet e k\u00ebrkuara, ky shtetas i godiste drejtuesit e automjeteve, me thik\u00eb, iu merrte automjetet dhe largohej nga vendi i ngjarjes.<\/div>\n<\/div>\n<p>T\u00eb nj\u00ebjtin mekaniz\u00ebm ka p\u00ebrdorur n\u00eb t\u00eb gjitha ngjarjet, konkretisht:<br \/>\n-m\u00eb dat\u00eb 15.05.1995, n\u00eb bashk\u00ebpunim me shtetasit A. M. dhe N. K., plagosi me thik\u00eb shtetasit P. B. dhe A. A.;<br \/>\n-m\u00eb dat\u00eb 10.07.1995, plagosi me thik\u00eb shtetasin S. H.;<br \/>\n-m\u00eb dat\u00eb 27.08.1995, vrau shtetasin Xh. A.;<br \/>\n-m\u00eb dat\u00eb 27.10.1995, plagosi me thik\u00eb shtetasin I. I.;<\/p>\n<p>Gjat\u00eb trazirave t\u00eb muajit mars t\u00eb vitit 1997, ky shtetas \u00ebsht\u00eb arratisur dhe \u00ebsht\u00eb larguar n\u00eb m\u00ebnyr\u00eb t\u00eb kund\u00ebrligjshme, jasht\u00eb Shqip\u00ebris\u00eb.<\/p>\n<p>Drejtoria e Interpolit, q\u00eb prej vitit 2015, ka shk\u00ebmbyer korrespondenca t\u00eb shum\u00ebfishta me zyrat homologe dhe me agjenci t\u00eb tjera ligjzbatuese, me q\u00ebllim lokalizimin dhe m\u00eb pas arrestimin provizor t\u00eb k\u00ebtij shtetasi, p\u00ebr ta ekstraduar n\u00eb vendin ton\u00eb.<\/p>\n<p>S\u00eb fundi, \u00ebsht\u00eb siguruar informacion se ky shtetas strehohej n\u00eb Republik\u00ebn e Kores\u00eb. Nga informacionet dhe verifikimet rezultoi se shtetasi Ervin Shahini p\u00ebrdorte identitetin e nj\u00eb shtetasi tjet\u00ebr shqiptar, p\u00ebr t\u2019iu shmangur arrestimit.<\/p>\n<p>N\u00eb kuad\u00ebr t\u00eb operacionit \u201cINFRA ATLAS\u201d dhe si rezultat i shk\u00ebmbimit t\u00eb inteligjenc\u00ebs policore, nd\u00ebrmjet Drejtoris\u00eb s\u00eb Interpolit, Interpol Seulit dhe Sekretariatit t\u00eb P\u00ebrgjithsh\u00ebm t\u00eb Interpolit (Sektori Fugitives Investigative Support (FIS)), u finalizua operacioni policor i koduar \u201cSuporti\u201d, gjat\u00eb t\u00eb cilit u b\u00eb i mundur lokalizimi dhe arrestimi provizor, me q\u00ebllim ekstradimin, i shtetasit Ervin Shahini, 50 vje\u00e7 dhe n\u00eb kuad\u00ebr t\u00eb operacionit \u201cSuporti\u201d, ky shtetas u ekstradua drejt vendit ton\u00eb.<\/p>\n","protected":false},"excerpt":{"rendered":"<p>Policia e Shtetit ka dal\u00eb sot me nj\u00eb informacion zyrtar p\u00ebr ekstradimin nga Koreja e Jugut, e 50-vje\u00e7arit shqiptar t\u00eb d\u00ebnuar p\u00ebr vrasje. B\u00ebhet fjal\u00eb p\u00ebr shtetasin Ervin Shahini alias Spartak Lazaj, banues n\u00eb Tiran\u00eb. Noftimi i policise: Finalizohet me sukses ekstradimi i nj\u00eb shtetasi t\u00eb d\u00ebnuar me burgim t\u00eb p\u00ebrjetsh\u00ebm, i arrestuar n\u00eb kuad\u00ebr [&hellip;]<\/p>\n","protected":false},"author":5,"featured_media":73397,"comment_status":"closed","ping_status":"closed","sticky":false,"template":"","format":"standard","meta":{"footnotes":""},"categories":[1,6332],"tags":[30415,30414],"class_list":{"0":"post-73396","1":"post","2":"type-post","3":"status-publish","4":"format-standard","5":"has-post-thumbnail","7":"category-aktualitet","8":"category-te-fundit","9":"tag-ekstradohet-nga","10":"tag-emri-foto-50-vjecari-shqiptar-i-denuar-me-burg-perjete"},"_links":{"self":[{"href":"https:\/\/jugulajm.net\/index.php?rest_route=\/wp\/v2\/posts\/73396","targetHints":{"allow":["GET"]}}],"collection":[{"href":"https:\/\/jugulajm.net\/index.php?rest_route=\/wp\/v2\/posts"}],"about":[{"href":"https:\/\/jugulajm.net\/index.php?rest_route=\/wp\/v2\/types\/post"}],"author":[{"embeddable":true,"href":"https:\/\/jugulajm.net\/index.php?rest_route=\/wp\/v2\/users\/5"}],"replies":[{"embeddable":true,"href":"https:\/\/jugulajm.net\/index.php?rest_route=%2Fwp%2Fv2%2Fcomments&post=73396"}],"version-history":[{"count":0,"href":"https:\/\/jugulajm.net\/index.php?rest_route=\/wp\/v2\/posts\/73396\/revisions"}],"wp:featuredmedia":[{"embeddable":true,"href":"https:\/\/jugulajm.net\/index.php?rest_route=\/wp\/v2\/media\/73397"}],"wp:attachment":[{"href":"https:\/\/jugulajm.net\/index.php?rest_route=%2Fwp%2Fv2%2Fmedia&parent=73396"}],"wp:term":[{"taxonomy":"category","embeddable":true,"href":"https:\/\/jugulajm.net\/index.php?rest_route=%2Fwp%2Fv2%2Fcategories&post=73396"},{"taxonomy":"post_tag","embeddable":true,"href":"https:\/\/jugulajm.net\/index.php?rest_route=%2Fwp%2Fv2%2Ftags&post=73396"}],"curies":[{"name":"wp","href":"https:\/\/api.w.org\/{rel}","templated":true}]}}