{"id":73360,"date":"2024-04-04T20:09:53","date_gmt":"2024-04-04T18:09:53","guid":{"rendered":"https:\/\/jugulajm.net\/?p=73360"},"modified":"2024-04-04T20:09:53","modified_gmt":"2024-04-04T18:09:53","slug":"kuvendi-miraton-amnistine-penale-ja-sa-te-denuar-perfitojne","status":"publish","type":"post","link":"https:\/\/jugulajm.net\/?p=73360","title":{"rendered":"Kuvendi miraton amnistin\u00eb penale, ja sa t\u00eb d\u00ebnuar p\u00ebrfitojn\u00eb&#8230;"},"content":{"rendered":"<p>Kuvendi ka miratuar sot amnistin\u00eb penale me 116 vota pro dhe nj\u00eb kund\u00ebr.<\/p>\n<p>Deputet\u00ebt e mazhoranc\u00ebs dhe t\u00eb opozit\u00ebs bashkuan votat p\u00ebr amnistin\u00eb, pas debateve t\u00eb shumta q\u00eb shoq\u00ebruan projektligjin dhe debateve t\u00eb shumta n\u00eb seanc\u00ebn e k\u00ebsaj t\u00eb enjte.<\/p>\n<p>Prej amnistis\u00eb penale q\u00eb u miratua sot n\u00eb Kuvend, pritet t\u00eb p\u00ebrfitojn\u00eb 1100 t\u00eb d\u00ebnuar dhe t\u00eb paraburgosur, ku krahas 700 t\u00eb d\u00ebnuarve, 400 t\u00eb tjer\u00ebt do t\u00eb p\u00ebrfitojn\u00eb ulje d\u00ebnimi nga 1.5 deri n\u00eb 2 vite burgim.<\/p>\n","protected":false},"excerpt":{"rendered":"<p>Kuvendi ka miratuar sot amnistin\u00eb penale me 116 vota pro dhe nj\u00eb kund\u00ebr. Deputet\u00ebt e mazhoranc\u00ebs dhe t\u00eb opozit\u00ebs bashkuan votat p\u00ebr amnistin\u00eb, pas debateve t\u00eb shumta q\u00eb shoq\u00ebruan projektligjin dhe debateve t\u00eb shumta n\u00eb seanc\u00ebn e k\u00ebsaj t\u00eb enjte. Prej amnistis\u00eb penale q\u00eb u miratua sot n\u00eb Kuvend, pritet t\u00eb p\u00ebrfitojn\u00eb 1100 t\u00eb d\u00ebnuar [&hellip;]<\/p>\n","protected":false},"author":5,"featured_media":47349,"comment_status":"closed","ping_status":"closed","sticky":false,"template":"","format":"standard","meta":{"footnotes":""},"categories":[1,6332,29228],"tags":[30392,30391],"class_list":{"0":"post-73360","1":"post","2":"type-post","3":"status-publish","4":"format-standard","5":"has-post-thumbnail","7":"category-aktualitet","8":"category-te-fundit","9":"category-vendi","10":"tag-ja-sa-te-denuar-perfitojne","11":"tag-kuvendi-miraton-amnistine-penale"},"_links":{"self":[{"href":"https:\/\/jugulajm.net\/index.php?rest_route=\/wp\/v2\/posts\/73360","targetHints":{"allow":["GET"]}}],"collection":[{"href":"https:\/\/jugulajm.net\/index.php?rest_route=\/wp\/v2\/posts"}],"about":[{"href":"https:\/\/jugulajm.net\/index.php?rest_route=\/wp\/v2\/types\/post"}],"author":[{"embeddable":true,"href":"https:\/\/jugulajm.net\/index.php?rest_route=\/wp\/v2\/users\/5"}],"replies":[{"embeddable":true,"href":"https:\/\/jugulajm.net\/index.php?rest_route=%2Fwp%2Fv2%2Fcomments&post=73360"}],"version-history":[{"count":0,"href":"https:\/\/jugulajm.net\/index.php?rest_route=\/wp\/v2\/posts\/73360\/revisions"}],"wp:featuredmedia":[{"embeddable":true,"href":"https:\/\/jugulajm.net\/index.php?rest_route=\/wp\/v2\/media\/47349"}],"wp:attachment":[{"href":"https:\/\/jugulajm.net\/index.php?rest_route=%2Fwp%2Fv2%2Fmedia&parent=73360"}],"wp:term":[{"taxonomy":"category","embeddable":true,"href":"https:\/\/jugulajm.net\/index.php?rest_route=%2Fwp%2Fv2%2Fcategories&post=73360"},{"taxonomy":"post_tag","embeddable":true,"href":"https:\/\/jugulajm.net\/index.php?rest_route=%2Fwp%2Fv2%2Ftags&post=73360"}],"curies":[{"name":"wp","href":"https:\/\/api.w.org\/{rel}","templated":true}]}}