{"id":73272,"date":"2024-04-02T07:41:58","date_gmt":"2024-04-02T05:41:58","guid":{"rendered":"https:\/\/jugulajm.net\/?p=73272"},"modified":"2024-04-02T08:13:56","modified_gmt":"2024-04-02T06:13:56","slug":"emri-zbardhet-identiteti-i-shoferit-qe-humbi-jeten-ne-aksidentin-e-kelcyres-bashke-me-7-te-tjere","status":"publish","type":"post","link":"https:\/\/jugulajm.net\/?p=73272","title":{"rendered":"EMRI\/ Zbardhet identiteti i pronarit t\u00eb &#8220;Mercedezit&#8221; t\u00eb aksidentit me 8 viktima n\u00eb K\u00eblcyr\u00eb"},"content":{"rendered":"<p>Nj\u00eb aksident tragjik ka ndodhur m\u00ebngjesin e sot\u00ebm rreth or\u00ebs 04:00 t\u00eb m\u00ebngjesit, ku nj\u00eb makin\u00eb e cila po transportonte emigrant\u00eb t\u00eb paligjsh\u00ebm, n\u00eb tentativ\u00eb p\u00ebr t\u2019i ikur policis\u00eb ka p\u00ebrfunduar n\u00eb lumin Vjos\u00eb.<\/p>\n<p>Si pasoj\u00eb kan\u00eb humbur jet\u00ebn 7 emigrant\u00ebt si dhe shoferi shqiptar.<\/p>\n<p>Ai \u00a0po transportonte emigrant\u00eb t\u00eb paligjsh\u00ebm n\u00eb aksin K\u00eblcyr\u00eb- P\u00ebrmet dhe dyshohet se ka tentuar t\u2019i ik\u00eb policis\u00eb dhe ka humbur kontrollin e mjetit \u2018Benz\u2019.<\/p>\n<p>M\u00eb pas mjeti ka p\u00ebrfunduar n\u00eb an\u00eb t\u00eb lumit Vjosa n\u00eb fshatin Kuqar, ku ai bashk\u00eb me 7 emigrant\u00ebt e paligjsh\u00ebm nga vendet e treta humb\u00ebn jet\u00ebn.<\/p>\n<p>Nd\u00ebrkoh\u00eb policia ka zbardhur identitetin e pronarit t\u00eb &#8220;Mercedezit&#8221; t\u00eb aksidentit me 8 viktima n\u00eb K\u00eblcyr\u00eb.<\/p>\n<p>Ai quhet Sokol Ismeti nga Shkodra.<\/p>\n","protected":false},"excerpt":{"rendered":"<p>Nj\u00eb aksident tragjik ka ndodhur m\u00ebngjesin e sot\u00ebm rreth or\u00ebs 04:00 t\u00eb m\u00ebngjesit, ku nj\u00eb makin\u00eb e cila po transportonte emigrant\u00eb t\u00eb paligjsh\u00ebm, n\u00eb tentativ\u00eb p\u00ebr t\u2019i ikur policis\u00eb ka p\u00ebrfunduar n\u00eb lumin Vjos\u00eb. Si pasoj\u00eb kan\u00eb humbur jet\u00ebn 7 emigrant\u00ebt si dhe shoferi shqiptar. Ai \u00a0po transportonte emigrant\u00eb t\u00eb paligjsh\u00ebm n\u00eb aksin K\u00eblcyr\u00eb- P\u00ebrmet [&hellip;]<\/p>\n","protected":false},"author":5,"featured_media":73273,"comment_status":"closed","ping_status":"closed","sticky":false,"template":"","format":"standard","meta":{"footnotes":""},"categories":[1,6332,29228],"tags":[30347],"class_list":{"0":"post-73272","1":"post","2":"type-post","3":"status-publish","4":"format-standard","5":"has-post-thumbnail","7":"category-aktualitet","8":"category-te-fundit","9":"category-vendi","10":"tag-emri-zbardhet-identiteti-i-shoferit-qe-humbi-jeten-ne-aksidentin-e-kelcyres-bashke-me-7-te-tjere"},"_links":{"self":[{"href":"https:\/\/jugulajm.net\/index.php?rest_route=\/wp\/v2\/posts\/73272","targetHints":{"allow":["GET"]}}],"collection":[{"href":"https:\/\/jugulajm.net\/index.php?rest_route=\/wp\/v2\/posts"}],"about":[{"href":"https:\/\/jugulajm.net\/index.php?rest_route=\/wp\/v2\/types\/post"}],"author":[{"embeddable":true,"href":"https:\/\/jugulajm.net\/index.php?rest_route=\/wp\/v2\/users\/5"}],"replies":[{"embeddable":true,"href":"https:\/\/jugulajm.net\/index.php?rest_route=%2Fwp%2Fv2%2Fcomments&post=73272"}],"version-history":[{"count":0,"href":"https:\/\/jugulajm.net\/index.php?rest_route=\/wp\/v2\/posts\/73272\/revisions"}],"wp:featuredmedia":[{"embeddable":true,"href":"https:\/\/jugulajm.net\/index.php?rest_route=\/wp\/v2\/media\/73273"}],"wp:attachment":[{"href":"https:\/\/jugulajm.net\/index.php?rest_route=%2Fwp%2Fv2%2Fmedia&parent=73272"}],"wp:term":[{"taxonomy":"category","embeddable":true,"href":"https:\/\/jugulajm.net\/index.php?rest_route=%2Fwp%2Fv2%2Fcategories&post=73272"},{"taxonomy":"post_tag","embeddable":true,"href":"https:\/\/jugulajm.net\/index.php?rest_route=%2Fwp%2Fv2%2Ftags&post=73272"}],"curies":[{"name":"wp","href":"https:\/\/api.w.org\/{rel}","templated":true}]}}