{"id":73250,"date":"2024-04-01T17:48:36","date_gmt":"2024-04-01T15:48:36","guid":{"rendered":"https:\/\/jugulajm.net\/?p=73250"},"modified":"2024-04-01T17:48:36","modified_gmt":"2024-04-01T15:48:36","slug":"emri-foto-itali-humb-jeten-dj-shqiptar-ishte-me-ferrarin-kur","status":"publish","type":"post","link":"https:\/\/jugulajm.net\/?p=73250","title":{"rendered":"EMRI-FOTO\/ Itali, humb jet\u00ebn DJ shqiptar, ishte me &#8220;Ferrarin&#8221; kur&#8230;"},"content":{"rendered":"<p>Nj\u00eb shqiptar ka humbur jet\u00ebn n\u00eb nj\u00eb aksident t\u00eb r\u00ebnd\u00eb q\u00eb ka ndodhur n\u00eb veri t\u00eb Italis\u00eb dit\u00ebn e diel\u00eb.<\/p>\n<p>Viktima \u00ebsht\u00eb Isa Q. 40 vje\u00e7, i cili punonte si DJ dhe kishte performuar n\u00eb nj\u00eb lokal n\u00eb Zvic\u00ebr dhe po kthehej p\u00ebr n\u00eb Itali kur ndodhi aksidenti, si\u00e7 raportojn\u00eb\u00a0<a href=\"https:\/\/www.blick.ch\/schweiz\/bretterte-isa-q-vor-dem-horror-crash-mit-200km-h-ueber-die-autobahn-jetzt-spricht-bruder-des-schweizer-ferrari-toten-von-norditalien-id19593017.html?utm_source=copy&amp;utm_medium=social&amp;utm_campaign=share-button&amp;utm_term=blick_app_ios&amp;fbclid=IwAR2jUXBjZsbCihIlUL3VmZ3Ydh8YpjTDvzMrK-B_4SJ19TgmK5BTuqCs9b4\"><strong>mediat zvicerane<\/strong><\/a>.<\/p>\n<p>40-vje\u00e7ari po udh\u00ebtonte me nj\u00eb Ferrari t\u00eb bardh\u00eb me 200 km\/h. Automjeti humbi kontrollin, dyshohet p\u00ebr shkak t\u00eb lag\u00ebshtir\u00ebs n\u00eb rrug\u00eb, dhe u p\u00ebrplas me barrierat mbrojt\u00ebse e m\u00eb pas shp\u00ebrtheu n\u00eb flak\u00eb.<\/p>\n<p>D\u00ebshmitar\u00ebt kan\u00eb raportuar se bashk\u00eb me 40-vje\u00e7ari n\u00eb makin\u00eb ka qen\u00eb edhe nj\u00eb person tjet\u00ebr.<\/p>\n<p>Nuk dihet se kush ishte n\u00eb drejtimin e Ferrarit. Megjithat\u00eb, u desh nd\u00ebrhyrja e zjarrfik\u00ebsve p\u00ebr t\u00eb nxjerr\u00eb trupat e pajet\u00eb nga Ferrari i shkat\u00ebrruar.<\/p>\n<figure class=\"wp-block-image size-full\"><img loading=\"lazy\" loading=\"lazy\" decoding=\"async\" class=\"wp-image-999999931170\" src=\"https:\/\/tvklan.al\/wp-content\/uploads\/2024\/04\/ferrari-i-aksidentuar-2.jpg\" sizes=\"auto, (max-width: 578px) 100vw, 578px\" srcset=\"https:\/\/tvklan.al\/wp-content\/uploads\/2024\/04\/ferrari-i-aksidentuar-2.jpg 578w, https:\/\/tvklan.al\/wp-content\/uploads\/2024\/04\/ferrari-i-aksidentuar-2-300x167.jpg 300w, https:\/\/tvklan.al\/wp-content\/uploads\/2024\/04\/ferrari-i-aksidentuar-2-360x200.jpg 360w\" alt=\"\" width=\"578\" height=\"322\" \/><\/figure>\n<figure class=\"wp-block-image size-full\"><img loading=\"lazy\" loading=\"lazy\" decoding=\"async\" class=\"wp-image-999999931171\" src=\"https:\/\/tvklan.al\/wp-content\/uploads\/2024\/04\/ferrari-i-aksidentuar-3.jpg\" sizes=\"auto, (max-width: 566px) 100vw, 566px\" srcset=\"https:\/\/tvklan.al\/wp-content\/uploads\/2024\/04\/ferrari-i-aksidentuar-3.jpg 566w, https:\/\/tvklan.al\/wp-content\/uploads\/2024\/04\/ferrari-i-aksidentuar-3-300x198.jpg 300w\" alt=\"\" width=\"566\" height=\"374\" \/><\/figure>\n","protected":false},"excerpt":{"rendered":"<p>Nj\u00eb shqiptar ka humbur jet\u00ebn n\u00eb nj\u00eb aksident t\u00eb r\u00ebnd\u00eb q\u00eb ka ndodhur n\u00eb veri t\u00eb Italis\u00eb dit\u00ebn e diel\u00eb. Viktima \u00ebsht\u00eb Isa Q. 40 vje\u00e7, i cili punonte si DJ dhe kishte performuar n\u00eb nj\u00eb lokal n\u00eb Zvic\u00ebr dhe po kthehej p\u00ebr n\u00eb Itali kur ndodhi aksidenti, si\u00e7 raportojn\u00eb\u00a0mediat zvicerane. 40-vje\u00e7ari po udh\u00ebtonte me [&hellip;]<\/p>\n","protected":false},"author":5,"featured_media":73251,"comment_status":"closed","ping_status":"closed","sticky":false,"template":"","format":"standard","meta":{"footnotes":""},"categories":[1,6332],"tags":[],"class_list":{"0":"post-73250","1":"post","2":"type-post","3":"status-publish","4":"format-standard","5":"has-post-thumbnail","7":"category-aktualitet","8":"category-te-fundit"},"_links":{"self":[{"href":"https:\/\/jugulajm.net\/index.php?rest_route=\/wp\/v2\/posts\/73250","targetHints":{"allow":["GET"]}}],"collection":[{"href":"https:\/\/jugulajm.net\/index.php?rest_route=\/wp\/v2\/posts"}],"about":[{"href":"https:\/\/jugulajm.net\/index.php?rest_route=\/wp\/v2\/types\/post"}],"author":[{"embeddable":true,"href":"https:\/\/jugulajm.net\/index.php?rest_route=\/wp\/v2\/users\/5"}],"replies":[{"embeddable":true,"href":"https:\/\/jugulajm.net\/index.php?rest_route=%2Fwp%2Fv2%2Fcomments&post=73250"}],"version-history":[{"count":0,"href":"https:\/\/jugulajm.net\/index.php?rest_route=\/wp\/v2\/posts\/73250\/revisions"}],"wp:featuredmedia":[{"embeddable":true,"href":"https:\/\/jugulajm.net\/index.php?rest_route=\/wp\/v2\/media\/73251"}],"wp:attachment":[{"href":"https:\/\/jugulajm.net\/index.php?rest_route=%2Fwp%2Fv2%2Fmedia&parent=73250"}],"wp:term":[{"taxonomy":"category","embeddable":true,"href":"https:\/\/jugulajm.net\/index.php?rest_route=%2Fwp%2Fv2%2Fcategories&post=73250"},{"taxonomy":"post_tag","embeddable":true,"href":"https:\/\/jugulajm.net\/index.php?rest_route=%2Fwp%2Fv2%2Ftags&post=73250"}],"curies":[{"name":"wp","href":"https:\/\/api.w.org\/{rel}","templated":true}]}}