{"id":73187,"date":"2024-03-30T20:54:39","date_gmt":"2024-03-30T19:54:39","guid":{"rendered":"https:\/\/jugulajm.net\/?p=73187"},"modified":"2024-03-30T20:55:07","modified_gmt":"2024-03-30T19:55:07","slug":"emri-foto-vrau-marokenin-gjykata-spanjolle-urdheron-marrjen-e-adn-se-se-shqiptarit","status":"publish","type":"post","link":"https:\/\/jugulajm.net\/?p=73187","title":{"rendered":"EMRI-FOTO\/ Vrau marokenin, Gjykata spanjolle urdh\u00ebron marrjen e ADN-s\u00eb s\u00eb shqiptarit"},"content":{"rendered":"<p>Gjykata spanjolle ka vendosur dhe urdh\u00ebruar marrjen e nj\u00eb kampioni ADN t\u00eb Florian Ram\u00ebs, i cili akuzohet p\u00ebr vrasjen e 24-vje\u00e7arit Soufian Mraha n\u00eb qershor 2019.<\/p>\n<div class=\"ads_desktop\">\n<p>30-vje\u00e7ari shqiptar, i cili thuhet se ka vrar\u00eb t\u00eb riun pas nj\u00eb debati n\u00eb nj\u00eb bar u ekstradua nga Anglia n\u00eb Spanj\u00eb n\u00eb janar t\u00eb k\u00ebtij viti.<\/p>\n<\/div>\n<p>Sipas\u00a0<a href=\"https:\/\/www.farodevigo.es\/gran-vigo\/2024\/03\/29\/jueza-ordena-obtencion-forzosa-adn-100395151.html\">mediave t\u00eb huaja<\/a>, identiteti i tij si autor p\u00ebr vrasjen e 24-vje\u00e7arit \u00ebsht\u00eb konfirmuar nga t\u00eb pakt\u00ebn 3 d\u00ebshmitar\u00eb.<\/p>\n<p>Gjithashtu kamerat e siguris\u00eb n\u00eb rrug\u00eb kan\u00eb filmuar\u00a0 nj\u00eb person q\u00eb largohej nga vendi ngjarjes drejt nj\u00eb rruge q\u00eb p\u00ebr \u201cjetonte edhe nj\u00eb shok\u201d i Ram\u00ebs (k\u00ebt\u00eb ka d\u00ebshmuar vras\u00ebsi shqiptar).<\/p>\n<p>Megjithat\u00eb Gjykata ka k\u00ebrkuar edhe ADN e t\u00eb dyshuarit p\u00ebr t\u00eb p\u00ebrforcuar provat lidhur me autor\u00ebsin\u00eb por Rama ka refuzuar duke detyruar gjykat\u00ebn t\u00eb k\u00ebrkoj\u00eb marrjen forc\u00ebrisht t\u00eb saj.<\/p>\n<p>ADN-ja e Florian Ram\u00ebs do t\u00eb krahasohet me profilin gjenetik mashkullor t\u00eb nj\u00eb gjurme gjaku n\u00eb vendngjarje.,<\/p>\n","protected":false},"excerpt":{"rendered":"<p>Gjykata spanjolle ka vendosur dhe urdh\u00ebruar marrjen e nj\u00eb kampioni ADN t\u00eb Florian Ram\u00ebs, i cili akuzohet p\u00ebr vrasjen e 24-vje\u00e7arit Soufian Mraha n\u00eb qershor 2019. 30-vje\u00e7ari shqiptar, i cili thuhet se ka vrar\u00eb t\u00eb riun pas nj\u00eb debati n\u00eb nj\u00eb bar u ekstradua nga Anglia n\u00eb Spanj\u00eb n\u00eb janar t\u00eb k\u00ebtij viti. Sipas\u00a0mediave t\u00eb [&hellip;]<\/p>\n","protected":false},"author":5,"featured_media":73188,"comment_status":"closed","ping_status":"closed","sticky":false,"template":"","format":"standard","meta":{"footnotes":""},"categories":[1,7664,6332],"tags":[30310,30311],"class_list":{"0":"post-73187","1":"post","2":"type-post","3":"status-publish","4":"format-standard","5":"has-post-thumbnail","7":"category-aktualitet","8":"category-bota","9":"category-te-fundit","10":"tag-emri-foto-vrau-marokenin","11":"tag-gjykata-spanjolle-urdheron-marrjen-e-adn-se-se-shqiptarit"},"_links":{"self":[{"href":"https:\/\/jugulajm.net\/index.php?rest_route=\/wp\/v2\/posts\/73187","targetHints":{"allow":["GET"]}}],"collection":[{"href":"https:\/\/jugulajm.net\/index.php?rest_route=\/wp\/v2\/posts"}],"about":[{"href":"https:\/\/jugulajm.net\/index.php?rest_route=\/wp\/v2\/types\/post"}],"author":[{"embeddable":true,"href":"https:\/\/jugulajm.net\/index.php?rest_route=\/wp\/v2\/users\/5"}],"replies":[{"embeddable":true,"href":"https:\/\/jugulajm.net\/index.php?rest_route=%2Fwp%2Fv2%2Fcomments&post=73187"}],"version-history":[{"count":0,"href":"https:\/\/jugulajm.net\/index.php?rest_route=\/wp\/v2\/posts\/73187\/revisions"}],"wp:featuredmedia":[{"embeddable":true,"href":"https:\/\/jugulajm.net\/index.php?rest_route=\/wp\/v2\/media\/73188"}],"wp:attachment":[{"href":"https:\/\/jugulajm.net\/index.php?rest_route=%2Fwp%2Fv2%2Fmedia&parent=73187"}],"wp:term":[{"taxonomy":"category","embeddable":true,"href":"https:\/\/jugulajm.net\/index.php?rest_route=%2Fwp%2Fv2%2Fcategories&post=73187"},{"taxonomy":"post_tag","embeddable":true,"href":"https:\/\/jugulajm.net\/index.php?rest_route=%2Fwp%2Fv2%2Ftags&post=73187"}],"curies":[{"name":"wp","href":"https:\/\/api.w.org\/{rel}","templated":true}]}}