{"id":73174,"date":"2024-03-30T08:54:45","date_gmt":"2024-03-30T07:54:45","guid":{"rendered":"https:\/\/jugulajm.net\/?p=73174"},"modified":"2024-03-30T08:54:45","modified_gmt":"2024-03-30T07:54:45","slug":"moti-sot-76","status":"publish","type":"post","link":"https:\/\/jugulajm.net\/?p=73174","title":{"rendered":"Moti sot&#8230;"},"content":{"rendered":"<p>P\u00ebr fundjav\u00ebn, vendi yn\u00eb do t\u00eb ndikohet nga kushte t\u00eb q\u00ebndrueshme atmosferike p\u00ebr shkak t\u00eb masave ajrore t\u00eb ngrohta me origjin\u00eb jugore si pasoj\u00eb e dep\u00ebrtimit t\u00eb pazakont\u00eb p\u00ebr periudh\u00ebn q\u00eb ndodhemi t\u00eb Anticiklonit Afrikan.<\/p>\n<p>Moti parashikohet i kthjell\u00ebt n\u00eb t\u00eb gjith\u00eb territorin e vran\u00ebsira t\u00eb pakta kalimtare kryesisht t\u00eb larta dhe transparente.<\/p>\n<p>Vlen p\u00ebr t&#8217;u theksuar se temperaturat n\u00eb vlerat e mesdit\u00ebs pritet t\u00eb kapin vlera deri n\u00eb 30 grad\u00eb celcius, vlera k\u00ebto anormale dhe rreth 7-8 grad m\u00eb t\u00eb larta se mesatarja klimatike mujore p\u00ebr vendin ton\u00eb.<\/p>\n<p>Gjithashtu duke nisur nga dita e Diel pritet afrimi gradual nga europa per\u00ebndimore e nj\u00eb qendre t\u00eb thell\u00eb t\u00eb presionit t\u00eb ul\u00ebt e cila duke kaluar mbi afrik\u00ebn e veriut do t\u00eb transportoj\u00eb mbi europ\u00ebn kryesisht juglindore sasi t\u00eb larta t\u00eb pluhurit (me origjin\u00eb nga r\u00ebra e shkret\u00ebtir\u00ebs s\u00eb Saharas-\u00eb).<\/p>\n<p>Kombinuar m\u00eb temperaturat e larta kjo situat\u00eb do t\u00eb krirjo\u00eb ndjesin\u00eb e ajrit \u201cmbyt\u00ebs\u201d, ndon\u00ebse kjo situat\u00eb \u00ebsht\u00eb p\u00ebrs\u00ebritur shpesh her\u00eb edhe n\u00eb t\u00eb kaluar\u00ebn mbi vendin dhe nuk \u00ebsht\u00eb nj\u00eb fenomen i ri.<\/p>\n","protected":false},"excerpt":{"rendered":"<p>P\u00ebr fundjav\u00ebn, vendi yn\u00eb do t\u00eb ndikohet nga kushte t\u00eb q\u00ebndrueshme atmosferike p\u00ebr shkak t\u00eb masave ajrore t\u00eb ngrohta me origjin\u00eb jugore si pasoj\u00eb e dep\u00ebrtimit t\u00eb pazakont\u00eb p\u00ebr periudh\u00ebn q\u00eb ndodhemi t\u00eb Anticiklonit Afrikan. Moti parashikohet i kthjell\u00ebt n\u00eb t\u00eb gjith\u00eb territorin e vran\u00ebsira t\u00eb pakta kalimtare kryesisht t\u00eb larta dhe transparente. Vlen p\u00ebr [&hellip;]<\/p>\n","protected":false},"author":5,"featured_media":47842,"comment_status":"closed","ping_status":"closed","sticky":false,"template":"","format":"standard","meta":{"footnotes":""},"categories":[7650,6332,29228],"tags":[20957],"class_list":{"0":"post-73174","1":"post","2":"type-post","3":"status-publish","4":"format-standard","5":"has-post-thumbnail","7":"category-moti","8":"category-te-fundit","9":"category-vendi","10":"tag-moti-sot"},"_links":{"self":[{"href":"https:\/\/jugulajm.net\/index.php?rest_route=\/wp\/v2\/posts\/73174","targetHints":{"allow":["GET"]}}],"collection":[{"href":"https:\/\/jugulajm.net\/index.php?rest_route=\/wp\/v2\/posts"}],"about":[{"href":"https:\/\/jugulajm.net\/index.php?rest_route=\/wp\/v2\/types\/post"}],"author":[{"embeddable":true,"href":"https:\/\/jugulajm.net\/index.php?rest_route=\/wp\/v2\/users\/5"}],"replies":[{"embeddable":true,"href":"https:\/\/jugulajm.net\/index.php?rest_route=%2Fwp%2Fv2%2Fcomments&post=73174"}],"version-history":[{"count":0,"href":"https:\/\/jugulajm.net\/index.php?rest_route=\/wp\/v2\/posts\/73174\/revisions"}],"wp:featuredmedia":[{"embeddable":true,"href":"https:\/\/jugulajm.net\/index.php?rest_route=\/wp\/v2\/media\/47842"}],"wp:attachment":[{"href":"https:\/\/jugulajm.net\/index.php?rest_route=%2Fwp%2Fv2%2Fmedia&parent=73174"}],"wp:term":[{"taxonomy":"category","embeddable":true,"href":"https:\/\/jugulajm.net\/index.php?rest_route=%2Fwp%2Fv2%2Fcategories&post=73174"},{"taxonomy":"post_tag","embeddable":true,"href":"https:\/\/jugulajm.net\/index.php?rest_route=%2Fwp%2Fv2%2Ftags&post=73174"}],"curies":[{"name":"wp","href":"https:\/\/api.w.org\/{rel}","templated":true}]}}