{"id":73149,"date":"2024-03-29T13:58:23","date_gmt":"2024-03-29T12:58:23","guid":{"rendered":"https:\/\/jugulajm.net\/?p=73149"},"modified":"2024-03-29T13:58:23","modified_gmt":"2024-03-29T12:58:23","slug":"zgjedhja-e-kryetares-se-himares-reagon-prefekti-tavo-lame-menjane-interesat-politike-dhe","status":"publish","type":"post","link":"https:\/\/jugulajm.net\/?p=73149","title":{"rendered":"Zgjedhja e kryetares s\u00eb Himar\u00ebs, reagon prefekti Tavo: Lam\u00eb m\u00ebnjan\u00eb interesat politike dhe&#8230;"},"content":{"rendered":"<p>K\u00ebshilli Bashkiak i Himar\u00ebs komandoi n\u00eb mbledhjen sotme Blerina Bal\u00ebn kryetare t\u00eb bashkis\u00eb Himar\u00eb, deri n\u00eb zgjedhje t\u00eb reja, pasi dy kryetar\u00ebt, ai i zgjedhuri Fredi Beleri dhe ai n\u00eb detyr\u00eb, Jorgo Goro jan\u00eb n\u00eb burg.<\/p>\n<p>I pranish\u00ebm n\u00eb mbledhjen e K\u00ebshilli Bashkiak t\u00eb Himar\u00ebs, Prefekti i Qarkut t\u00eb Vlor\u00ebs, Vangjel Tavo, n\u00eb nj\u00eb prononcim p\u00ebr mediet u shpreh se mbledhja u krye duke l\u00ebn\u00eb m\u00ebnjan\u00eb t\u00eb gjith\u00eb mosmarr\u00ebveshjet, keqkuptimet dhe t\u00eb nxitura nga politika dhe q\u00eb kan\u00eb marr\u00eb peng t\u00eb gjith\u00eb interesat e komunitetit himarjot.<\/p>\n<p><em>\u201cE dim\u00eb q\u00eb kjo \u00ebsht\u00eb stuhi n\u00eb got\u00eb dhe kjo nuk mund t\u00eb zgjas\u00eb pafund por dua t\u00eb them se na presim pun\u00eb t\u00eb m\u00ebdha n\u00eb Himar\u00eb, duke filluar me zgjidhjen e problemeve kryesore q\u00eb ky komunitet t\u00eb tre nj\u00ebsive ka n\u00eb lidhje me vonesat q\u00eb jan\u00eb krijuar p\u00ebr arsye nga m\u00eb t\u00eb ndryshmet me hipotekimin e pronave t\u00eb tyre dhe k\u00ebtu un\u00eb si prefekt n\u00eb bashk\u00ebpunim me pushtetin vendor dhe kryetaren e sapocaktuar dhe me agjencit\u00eb shtet\u00ebrore t\u00eb Kadastr\u00ebs do t\u00eb fillojm\u00eb q\u00eb nga e marta q\u00eb t\u00eb p\u00ebrfundojm\u00eb t\u00eb gjith\u00eb procesin\u201d,<\/em> &#8211; u shpreh Tavo.<\/p>\n","protected":false},"excerpt":{"rendered":"<p>K\u00ebshilli Bashkiak i Himar\u00ebs komandoi n\u00eb mbledhjen sotme Blerina Bal\u00ebn kryetare t\u00eb bashkis\u00eb Himar\u00eb, deri n\u00eb zgjedhje t\u00eb reja, pasi dy kryetar\u00ebt, ai i zgjedhuri Fredi Beleri dhe ai n\u00eb detyr\u00eb, Jorgo Goro jan\u00eb n\u00eb burg. I pranish\u00ebm n\u00eb mbledhjen e K\u00ebshilli Bashkiak t\u00eb Himar\u00ebs, Prefekti i Qarkut t\u00eb Vlor\u00ebs, Vangjel Tavo, n\u00eb nj\u00eb prononcim [&hellip;]<\/p>\n","protected":false},"author":5,"featured_media":73150,"comment_status":"closed","ping_status":"closed","sticky":false,"template":"","format":"standard","meta":{"footnotes":""},"categories":[6326,6332,29228],"tags":[30293,30292],"class_list":{"0":"post-73149","1":"post","2":"type-post","3":"status-publish","4":"format-standard","5":"has-post-thumbnail","7":"category-politike","8":"category-te-fundit","9":"category-vendi","10":"tag-reagon-prefekti-tavo-lame-menjane-interesat-politike-dhe","11":"tag-zgjedhja-e-kryetares-se-himares"},"_links":{"self":[{"href":"https:\/\/jugulajm.net\/index.php?rest_route=\/wp\/v2\/posts\/73149","targetHints":{"allow":["GET"]}}],"collection":[{"href":"https:\/\/jugulajm.net\/index.php?rest_route=\/wp\/v2\/posts"}],"about":[{"href":"https:\/\/jugulajm.net\/index.php?rest_route=\/wp\/v2\/types\/post"}],"author":[{"embeddable":true,"href":"https:\/\/jugulajm.net\/index.php?rest_route=\/wp\/v2\/users\/5"}],"replies":[{"embeddable":true,"href":"https:\/\/jugulajm.net\/index.php?rest_route=%2Fwp%2Fv2%2Fcomments&post=73149"}],"version-history":[{"count":0,"href":"https:\/\/jugulajm.net\/index.php?rest_route=\/wp\/v2\/posts\/73149\/revisions"}],"wp:featuredmedia":[{"embeddable":true,"href":"https:\/\/jugulajm.net\/index.php?rest_route=\/wp\/v2\/media\/73150"}],"wp:attachment":[{"href":"https:\/\/jugulajm.net\/index.php?rest_route=%2Fwp%2Fv2%2Fmedia&parent=73149"}],"wp:term":[{"taxonomy":"category","embeddable":true,"href":"https:\/\/jugulajm.net\/index.php?rest_route=%2Fwp%2Fv2%2Fcategories&post=73149"},{"taxonomy":"post_tag","embeddable":true,"href":"https:\/\/jugulajm.net\/index.php?rest_route=%2Fwp%2Fv2%2Ftags&post=73149"}],"curies":[{"name":"wp","href":"https:\/\/api.w.org\/{rel}","templated":true}]}}