{"id":73144,"date":"2024-03-29T12:41:56","date_gmt":"2024-03-29T11:41:56","guid":{"rendered":"https:\/\/jugulajm.net\/?p=73144"},"modified":"2024-03-29T12:44:39","modified_gmt":"2024-03-29T11:44:39","slug":"emri-foto-beleri-dhe-goro-ne-burg-pas-tensioneve-zgjidhet-kryetarja-e-komanduar-e-himares","status":"publish","type":"post","link":"https:\/\/jugulajm.net\/?p=73144","title":{"rendered":"EMRI-FOTO\/ Beleri dhe Goro n\u00eb burg, pas tensioneve zgjidhet kryetarja e komanduar e Himar\u00ebs"},"content":{"rendered":"<p>Blerina Balaj \u00ebsht\u00eb zgjedhur kryetare e komanduar e Bashkis\u00eb Himar\u00eb pas mbledhjes me tensione n\u00eb K\u00ebshillin Bashkiak.<\/p>\n<p>K\u00ebshilli Bashkiak i Himar\u00ebs vendosi me vot\u00eb, q\u00eb n\u00ebnkryetarja, Blerina Balaj, t\u00eb drejtoj\u00eb bashkin\u00eb Himar\u00eb deri n\u00eb zgjedhjet e reja.<\/p>\n<p>Ajo ishte n\u00eb gar\u00eb me n\u00ebnkryetarin e k\u00ebsaj bashkie Pervin Gjikuria.<\/p>\n<p>Votimi n\u00eb K\u00ebshillin Bashkiak vjen pas arrestimit t\u00eb kryetarit n\u00eb detyr\u00eb Jorgo Goro p\u00ebr shp\u00ebrdorim detyre.<\/p>\n<p>Goro me nj\u00eb let\u00ebr nga qelia e burgut drejtuar prefektit t\u00eb Qarkut dha dor\u00ebheqjen nga posti.<\/p>\n<p>Gjithashtu n\u00eb burg ndodhet edhe Fredi Beleri, kryebashkiaku i zgjedhur i Himar\u00ebs, i d\u00ebnuar me 2 vite burg me akuz\u00ebn e blerjes s\u00eb votave para zgjedhjeve vendore t\u00eb 14 majit.<\/p>\n<p>Mbledhja e K\u00ebshillit bashkiak t\u00eb Himar\u00ebs u shoq\u00ebrua me tensione t\u00eb ashpra.<\/p>\n<p>Qytetar\u00eb dhe mb\u00ebshtet\u00ebs t\u00eb Fredi Belerit u fut\u00ebn n\u00eb ambientet e brendshme t\u00eb bashkis\u00eb Himar\u00eb, ku u p\u00ebrplas\u00ebn edhe me policin\u00eb.<\/p>\n<p>Ata k\u00ebrkuan largimin e prefektit t\u00eb Vlor\u00ebs, Vangjel Tavo dhe Sekretarit t\u00eb P\u00ebrgjithsh\u00ebm t\u00eb PS, Blendi Klosi.<\/p>\n<p>Pas tensioneve t\u00eb krijuara drejtuesi politik Blendi Klosi dhe prefekti i Qarkut t\u00eb Vlor\u00ebs u larguan. Gjithashtu \u201cbraktis\u00ebn\u201d sall\u00ebn edhe k\u00ebshilltar\u00ebt.<\/p>\n<p>Nd\u00ebrkoh\u00eb mbledhja u shty p\u00ebr n\u00eb or\u00ebn 12:00, pa pranin\u00eb e qytetar\u00ebve, ku u mor edhe vendimi p\u00ebr komandimin n\u00eb krye t\u00eb Bashkis\u00eb Himar\u00eb t\u00eb Blerina Balajt.<\/p>\n","protected":false},"excerpt":{"rendered":"<p>Blerina Balaj \u00ebsht\u00eb zgjedhur kryetare e komanduar e Bashkis\u00eb Himar\u00eb pas mbledhjes me tensione n\u00eb K\u00ebshillin Bashkiak. K\u00ebshilli Bashkiak i Himar\u00ebs vendosi me vot\u00eb, q\u00eb n\u00ebnkryetarja, Blerina Balaj, t\u00eb drejtoj\u00eb bashkin\u00eb Himar\u00eb deri n\u00eb zgjedhjet e reja. Ajo ishte n\u00eb gar\u00eb me n\u00ebnkryetarin e k\u00ebsaj bashkie Pervin Gjikuria. Votimi n\u00eb K\u00ebshillin Bashkiak vjen pas arrestimit [&hellip;]<\/p>\n","protected":false},"author":5,"featured_media":73145,"comment_status":"closed","ping_status":"closed","sticky":false,"template":"","format":"standard","meta":{"footnotes":""},"categories":[6326,6332],"tags":[30290,30291],"class_list":{"0":"post-73144","1":"post","2":"type-post","3":"status-publish","4":"format-standard","5":"has-post-thumbnail","7":"category-politike","8":"category-te-fundit","9":"tag-emri-foto-beleri-dhe-goro-ne-burg","10":"tag-pas-tensioneve-zgjidhet-kryetarja-e-komanduar-e-himares"},"_links":{"self":[{"href":"https:\/\/jugulajm.net\/index.php?rest_route=\/wp\/v2\/posts\/73144","targetHints":{"allow":["GET"]}}],"collection":[{"href":"https:\/\/jugulajm.net\/index.php?rest_route=\/wp\/v2\/posts"}],"about":[{"href":"https:\/\/jugulajm.net\/index.php?rest_route=\/wp\/v2\/types\/post"}],"author":[{"embeddable":true,"href":"https:\/\/jugulajm.net\/index.php?rest_route=\/wp\/v2\/users\/5"}],"replies":[{"embeddable":true,"href":"https:\/\/jugulajm.net\/index.php?rest_route=%2Fwp%2Fv2%2Fcomments&post=73144"}],"version-history":[{"count":0,"href":"https:\/\/jugulajm.net\/index.php?rest_route=\/wp\/v2\/posts\/73144\/revisions"}],"wp:featuredmedia":[{"embeddable":true,"href":"https:\/\/jugulajm.net\/index.php?rest_route=\/wp\/v2\/media\/73145"}],"wp:attachment":[{"href":"https:\/\/jugulajm.net\/index.php?rest_route=%2Fwp%2Fv2%2Fmedia&parent=73144"}],"wp:term":[{"taxonomy":"category","embeddable":true,"href":"https:\/\/jugulajm.net\/index.php?rest_route=%2Fwp%2Fv2%2Fcategories&post=73144"},{"taxonomy":"post_tag","embeddable":true,"href":"https:\/\/jugulajm.net\/index.php?rest_route=%2Fwp%2Fv2%2Ftags&post=73144"}],"curies":[{"name":"wp","href":"https:\/\/api.w.org\/{rel}","templated":true}]}}