{"id":73140,"date":"2024-03-29T09:44:33","date_gmt":"2024-03-29T08:44:33","guid":{"rendered":"https:\/\/jugulajm.net\/?p=73140"},"modified":"2024-03-29T09:44:33","modified_gmt":"2024-03-29T08:44:33","slug":"2-termete-te-forta-godasin-greqine-mengjesin-e-sotem","status":"publish","type":"post","link":"https:\/\/jugulajm.net\/?p=73140","title":{"rendered":"2 t\u00ebrmete t\u00eb forta godasin Greqin\u00eb m\u00ebngjesin e sot\u00ebm"},"content":{"rendered":"<p>Dy t\u00ebrmete t\u00eb fort\u00eb me magnitud\u00eb 5.7 kan\u00eb goditur Greqin\u00eb m\u00ebngjesin e k\u00ebsaj t\u00eb premteje.<\/p>\n<p>Sipas t\u00eb dh\u00ebnave sizmiologjike, l\u00ebkundjet sizmike t\u00eb k\u00ebsaj magnitude ishin me epiqend\u00ebr n\u00eb Detin Jon n\u00eb af\u00ebrsi t\u00eb Filiatra.<\/p>\n<p>T\u00ebrmeti u ndje edhe n\u00eb Kret\u00eb, Patra dhe Athin\u00eb.<\/p>\n<p>L\u00ebkundjet sizmike nuk kan\u00eb shkaktuar t\u00eb l\u00ebnduar apo d\u00ebme materiale, dhe nuk ka rrezik as p\u00ebr cunami.<\/p>\n<p>Sizmiologu grek Akis Tselentis tha p\u00ebr nj\u00eb televizion t\u00eb Athin\u00ebs se t\u00ebrmeti nuk p\u00ebrb\u00ebn shqet\u00ebsim.<\/p>\n","protected":false},"excerpt":{"rendered":"<p>Dy t\u00ebrmete t\u00eb fort\u00eb me magnitud\u00eb 5.7 kan\u00eb goditur Greqin\u00eb m\u00ebngjesin e k\u00ebsaj t\u00eb premteje. Sipas t\u00eb dh\u00ebnave sizmiologjike, l\u00ebkundjet sizmike t\u00eb k\u00ebsaj magnitude ishin me epiqend\u00ebr n\u00eb Detin Jon n\u00eb af\u00ebrsi t\u00eb Filiatra. T\u00ebrmeti u ndje edhe n\u00eb Kret\u00eb, Patra dhe Athin\u00eb. L\u00ebkundjet sizmike nuk kan\u00eb shkaktuar t\u00eb l\u00ebnduar apo d\u00ebme materiale, dhe nuk [&hellip;]<\/p>\n","protected":false},"author":5,"featured_media":53407,"comment_status":"closed","ping_status":"closed","sticky":false,"template":"","format":"standard","meta":{"footnotes":""},"categories":[1,6332],"tags":[30289],"class_list":{"0":"post-73140","1":"post","2":"type-post","3":"status-publish","4":"format-standard","5":"has-post-thumbnail","7":"category-aktualitet","8":"category-te-fundit","9":"tag-2-termete-te-forta-godasin-greqine-mengjesin-e-sotem"},"_links":{"self":[{"href":"https:\/\/jugulajm.net\/index.php?rest_route=\/wp\/v2\/posts\/73140","targetHints":{"allow":["GET"]}}],"collection":[{"href":"https:\/\/jugulajm.net\/index.php?rest_route=\/wp\/v2\/posts"}],"about":[{"href":"https:\/\/jugulajm.net\/index.php?rest_route=\/wp\/v2\/types\/post"}],"author":[{"embeddable":true,"href":"https:\/\/jugulajm.net\/index.php?rest_route=\/wp\/v2\/users\/5"}],"replies":[{"embeddable":true,"href":"https:\/\/jugulajm.net\/index.php?rest_route=%2Fwp%2Fv2%2Fcomments&post=73140"}],"version-history":[{"count":0,"href":"https:\/\/jugulajm.net\/index.php?rest_route=\/wp\/v2\/posts\/73140\/revisions"}],"wp:featuredmedia":[{"embeddable":true,"href":"https:\/\/jugulajm.net\/index.php?rest_route=\/wp\/v2\/media\/53407"}],"wp:attachment":[{"href":"https:\/\/jugulajm.net\/index.php?rest_route=%2Fwp%2Fv2%2Fmedia&parent=73140"}],"wp:term":[{"taxonomy":"category","embeddable":true,"href":"https:\/\/jugulajm.net\/index.php?rest_route=%2Fwp%2Fv2%2Fcategories&post=73140"},{"taxonomy":"post_tag","embeddable":true,"href":"https:\/\/jugulajm.net\/index.php?rest_route=%2Fwp%2Fv2%2Ftags&post=73140"}],"curies":[{"name":"wp","href":"https:\/\/api.w.org\/{rel}","templated":true}]}}