{"id":73126,"date":"2024-03-28T20:27:33","date_gmt":"2024-03-28T19:27:33","guid":{"rendered":"https:\/\/jugulajm.net\/?p=73126"},"modified":"2024-03-28T20:28:33","modified_gmt":"2024-03-28T19:28:33","slug":"emrat-fotot-denohet-me-burg-2-te-rinjte-shqiptare-u-kapen-ne-shtepi-bari","status":"publish","type":"post","link":"https:\/\/jugulajm.net\/?p=73126","title":{"rendered":"EMRAT-FOTOT\/ D\u00ebnohen me burg 2 t\u00eb rinjt\u00eb shqiptar\u00eb, u kap\u00ebn n\u00eb \u2018&#8217;sht\u00ebpi bari\u2019&#8217;"},"content":{"rendered":"<p>Dy t\u00eb rinj shqiptar\u00eb jan\u00eb d\u00ebnuar me burg n\u00eb Angli pasi u kap\u00ebn brenda nj\u00eb \u201csht\u00ebpie bari\u201d.<\/p>\n<p>Si\u00e7 b\u00ebjn\u00eb me dije mediat e huaja ata u kap\u00ebn duke u kujdesur p\u00ebr 1,339 bim\u00eb kanabisi.<\/p>\n<p>T\u00eb rinjt\u00eb jan\u00eb identifikuar si Klajdi Toli, 27-vje\u00e7 si dhe Fabian Xhika 26-vje\u00e7.<\/p>\n<p>Avokati i dy shqiptar\u00ebve ka deklaruar n\u00eb gjykat\u00eb se ata ishin mashtruar nga personat q\u00eb i kishin futur ilegalisht n\u00eb Britani.<\/p>\n<p>Ai tha se dy t\u00eb rinjt\u00eb u d\u00ebrguan n\u00eb nj\u00eb adres\u00eb dhe nuk u lejuan m\u00eb t\u00eb dilnin nga aty, duke u detyruar q\u00eb t\u00eb kujdeseshin p\u00ebr bim\u00ebt e kanabisit.<\/p>\n<p>Sipas avokatit, ata nuk e dinin se po shkonin n\u00eb nj\u00eb sht\u00ebpi bari dhe nuk kishin dal\u00eb nga sht\u00ebpi prej disa jav\u00ebsh, deri sa policia i arrestoi.<\/p>\n<p>Tashm\u00eb pritet ekstradimi i tyre drejt Shqip\u00ebris\u00eb pasi ata kan\u00eb kryer nj\u00eb pjes\u00eb t\u00eb d\u00ebnimit n\u00eb Angli.<\/p>\n","protected":false},"excerpt":{"rendered":"<p>Dy t\u00eb rinj shqiptar\u00eb jan\u00eb d\u00ebnuar me burg n\u00eb Angli pasi u kap\u00ebn brenda nj\u00eb \u201csht\u00ebpie bari\u201d. Si\u00e7 b\u00ebjn\u00eb me dije mediat e huaja ata u kap\u00ebn duke u kujdesur p\u00ebr 1,339 bim\u00eb kanabisi. T\u00eb rinjt\u00eb jan\u00eb identifikuar si Klajdi Toli, 27-vje\u00e7 si dhe Fabian Xhika 26-vje\u00e7. Avokati i dy shqiptar\u00ebve ka deklaruar n\u00eb gjykat\u00eb [&hellip;]<\/p>\n","protected":false},"author":5,"featured_media":73127,"comment_status":"closed","ping_status":"closed","sticky":false,"template":"","format":"standard","meta":{"footnotes":""},"categories":[1,7664,6332],"tags":[30283,30256],"class_list":{"0":"post-73126","1":"post","2":"type-post","3":"status-publish","4":"format-standard","5":"has-post-thumbnail","7":"category-aktualitet","8":"category-bota","9":"category-te-fundit","10":"tag-emrat-fotot-denohet-me-burg-2-te-rinjte-shqiptare","11":"tag-u-kapen-ne-shtepi-bari"},"_links":{"self":[{"href":"https:\/\/jugulajm.net\/index.php?rest_route=\/wp\/v2\/posts\/73126","targetHints":{"allow":["GET"]}}],"collection":[{"href":"https:\/\/jugulajm.net\/index.php?rest_route=\/wp\/v2\/posts"}],"about":[{"href":"https:\/\/jugulajm.net\/index.php?rest_route=\/wp\/v2\/types\/post"}],"author":[{"embeddable":true,"href":"https:\/\/jugulajm.net\/index.php?rest_route=\/wp\/v2\/users\/5"}],"replies":[{"embeddable":true,"href":"https:\/\/jugulajm.net\/index.php?rest_route=%2Fwp%2Fv2%2Fcomments&post=73126"}],"version-history":[{"count":0,"href":"https:\/\/jugulajm.net\/index.php?rest_route=\/wp\/v2\/posts\/73126\/revisions"}],"wp:featuredmedia":[{"embeddable":true,"href":"https:\/\/jugulajm.net\/index.php?rest_route=\/wp\/v2\/media\/73127"}],"wp:attachment":[{"href":"https:\/\/jugulajm.net\/index.php?rest_route=%2Fwp%2Fv2%2Fmedia&parent=73126"}],"wp:term":[{"taxonomy":"category","embeddable":true,"href":"https:\/\/jugulajm.net\/index.php?rest_route=%2Fwp%2Fv2%2Fcategories&post=73126"},{"taxonomy":"post_tag","embeddable":true,"href":"https:\/\/jugulajm.net\/index.php?rest_route=%2Fwp%2Fv2%2Ftags&post=73126"}],"curies":[{"name":"wp","href":"https:\/\/api.w.org\/{rel}","templated":true}]}}