{"id":73007,"date":"2024-03-25T14:25:40","date_gmt":"2024-03-25T13:25:40","guid":{"rendered":"https:\/\/jugulajm.net\/?p=73007"},"modified":"2024-03-25T14:25:40","modified_gmt":"2024-03-25T13:25:40","slug":"i-largohet-bashkeshortja-nga-shtepia-38-vjecari-denoncon-ne-polici","status":"publish","type":"post","link":"https:\/\/jugulajm.net\/?p=73007","title":{"rendered":"I largohet bashk\u00ebshortja nga sht\u00ebpia, 38-vje\u00e7ari denoncon n\u00eb polici"},"content":{"rendered":"<div class=\"firstP\">\n<p>Nj\u00eb 38-vje\u00e7ar ka denoncuar n\u00eb komisariatin e policis\u00eb n\u00eb Kor\u00e7\u00eb se \u00ebsht\u00eb larguar nga banesa bashk\u00ebshortja e tij.<\/p>\n<\/div>\n<p>E.N., 38 vje\u00e7, banues n\u00eb fshatin Drenov\u00eb ka denoncuar se \u00ebsht\u00eb larguar bashk\u00ebshortja, S.A., 24 vje\u00e7e.<\/p>\n<p><strong><em>Njoftimi i policis\u00eb:<\/em><\/strong><\/p>\n<p><em>M\u00eb dat\u00eb 25.03.2025, n\u00eb Komisariatin e Policis\u00eb Kor\u00e7\u00eb, \u00ebsht\u00eb paraqitur shtetasi E. N., 38 vje\u00e7, banues n\u00eb fshatin Drenov\u00eb, Kor\u00e7\u00eb, i cili kall\u00ebzoi se \u00ebsht\u00eb larguar nga banesa, bashk\u00ebshortja e tij shtetasja S. A., 24 vje\u00e7e. Po punohet p\u00ebr gjetjen e saj.<\/em><\/p>\n","protected":false},"excerpt":{"rendered":"<p>Nj\u00eb 38-vje\u00e7ar ka denoncuar n\u00eb komisariatin e policis\u00eb n\u00eb Kor\u00e7\u00eb se \u00ebsht\u00eb larguar nga banesa bashk\u00ebshortja e tij. E.N., 38 vje\u00e7, banues n\u00eb fshatin Drenov\u00eb ka denoncuar se \u00ebsht\u00eb larguar bashk\u00ebshortja, S.A., 24 vje\u00e7e. Njoftimi i policis\u00eb: M\u00eb dat\u00eb 25.03.2025, n\u00eb Komisariatin e Policis\u00eb Kor\u00e7\u00eb, \u00ebsht\u00eb paraqitur shtetasi E. N., 38 vje\u00e7, banues n\u00eb fshatin [&hellip;]<\/p>\n","protected":false},"author":5,"featured_media":52254,"comment_status":"closed","ping_status":"closed","sticky":false,"template":"","format":"standard","meta":{"footnotes":""},"categories":[1,6332,29228],"tags":[30227,30226],"class_list":{"0":"post-73007","1":"post","2":"type-post","3":"status-publish","4":"format-standard","5":"has-post-thumbnail","7":"category-aktualitet","8":"category-te-fundit","9":"category-vendi","10":"tag-38-vjecari-denoncon-ne-polici","11":"tag-i-largohet-bashkeshortja-nga-shtepia"},"_links":{"self":[{"href":"https:\/\/jugulajm.net\/index.php?rest_route=\/wp\/v2\/posts\/73007","targetHints":{"allow":["GET"]}}],"collection":[{"href":"https:\/\/jugulajm.net\/index.php?rest_route=\/wp\/v2\/posts"}],"about":[{"href":"https:\/\/jugulajm.net\/index.php?rest_route=\/wp\/v2\/types\/post"}],"author":[{"embeddable":true,"href":"https:\/\/jugulajm.net\/index.php?rest_route=\/wp\/v2\/users\/5"}],"replies":[{"embeddable":true,"href":"https:\/\/jugulajm.net\/index.php?rest_route=%2Fwp%2Fv2%2Fcomments&post=73007"}],"version-history":[{"count":0,"href":"https:\/\/jugulajm.net\/index.php?rest_route=\/wp\/v2\/posts\/73007\/revisions"}],"wp:featuredmedia":[{"embeddable":true,"href":"https:\/\/jugulajm.net\/index.php?rest_route=\/wp\/v2\/media\/52254"}],"wp:attachment":[{"href":"https:\/\/jugulajm.net\/index.php?rest_route=%2Fwp%2Fv2%2Fmedia&parent=73007"}],"wp:term":[{"taxonomy":"category","embeddable":true,"href":"https:\/\/jugulajm.net\/index.php?rest_route=%2Fwp%2Fv2%2Fcategories&post=73007"},{"taxonomy":"post_tag","embeddable":true,"href":"https:\/\/jugulajm.net\/index.php?rest_route=%2Fwp%2Fv2%2Ftags&post=73007"}],"curies":[{"name":"wp","href":"https:\/\/api.w.org\/{rel}","templated":true}]}}