{"id":72995,"date":"2024-03-25T08:30:04","date_gmt":"2024-03-25T07:30:04","guid":{"rendered":"https:\/\/jugulajm.net\/?p=72995"},"modified":"2024-03-25T08:30:04","modified_gmt":"2024-03-25T07:30:04","slug":"emri-shperthim-tritoli-ne-oborrin-e-baneses-ja-kujt-i-perket","status":"publish","type":"post","link":"https:\/\/jugulajm.net\/?p=72995","title":{"rendered":"EMRI\/ Shp\u00ebrthim tritoli n\u00eb oborrin e banes\u00ebs, ja kujt i p\u00ebrket&#8230;"},"content":{"rendered":"<p>Nj\u00eb shp\u00ebrthim me tritol ka ndodhur n\u00eb or\u00ebt e para t\u00eb m\u00ebngjesit n\u00eb nj\u00eb banes\u00eb private n\u00eb Shkod\u00ebr.<\/p>\n<p>M\u00ebsohet se l\u00ebnda plas\u00ebse \u00ebsht\u00eb vendosur n\u00eb port\u00ebn e oborrit t\u00eb banes\u00ebs n\u00eb pron\u00ebsi t\u00eb 62 vje\u00e7ares Frida Sala n\u00eb lagjen \u201cTom Kola\u201d.<\/p>\n<p>Si pasoj\u00eb e shp\u00ebrthimit jan\u00eb shkaktuar vet\u00ebm d\u00ebme materiale.<\/p>\n<p>Ngjarja ka ndodhur rreth or\u00ebs 03:40. Menj\u00ebher\u00eb n\u00eb vendngjarje kan\u00eb shkuar forcat e policis\u00eb, t\u00eb cilat vijojn\u00eb kontrollin n\u00eb zon\u00eb.<\/p>\n<p>Grupi hetimor po kryen veprimet p\u00ebr sqarimin e rrethanave t\u00eb ngjarjes, identifikimin dhe kapjen e autorit.<\/p>\n","protected":false},"excerpt":{"rendered":"<p>Nj\u00eb shp\u00ebrthim me tritol ka ndodhur n\u00eb or\u00ebt e para t\u00eb m\u00ebngjesit n\u00eb nj\u00eb banes\u00eb private n\u00eb Shkod\u00ebr. M\u00ebsohet se l\u00ebnda plas\u00ebse \u00ebsht\u00eb vendosur n\u00eb port\u00ebn e oborrit t\u00eb banes\u00ebs n\u00eb pron\u00ebsi t\u00eb 62 vje\u00e7ares Frida Sala n\u00eb lagjen \u201cTom Kola\u201d. Si pasoj\u00eb e shp\u00ebrthimit jan\u00eb shkaktuar vet\u00ebm d\u00ebme materiale. Ngjarja ka ndodhur rreth or\u00ebs [&hellip;]<\/p>\n","protected":false},"author":5,"featured_media":63723,"comment_status":"closed","ping_status":"closed","sticky":false,"template":"","format":"standard","meta":{"footnotes":""},"categories":[1,6332,29228],"tags":[30219,24793],"class_list":{"0":"post-72995","1":"post","2":"type-post","3":"status-publish","4":"format-standard","5":"has-post-thumbnail","7":"category-aktualitet","8":"category-te-fundit","9":"category-vendi","10":"tag-emri-shperthim-tritoli-ne-oborrin-e-baneses","11":"tag-ja-kujt-i-perket"},"_links":{"self":[{"href":"https:\/\/jugulajm.net\/index.php?rest_route=\/wp\/v2\/posts\/72995","targetHints":{"allow":["GET"]}}],"collection":[{"href":"https:\/\/jugulajm.net\/index.php?rest_route=\/wp\/v2\/posts"}],"about":[{"href":"https:\/\/jugulajm.net\/index.php?rest_route=\/wp\/v2\/types\/post"}],"author":[{"embeddable":true,"href":"https:\/\/jugulajm.net\/index.php?rest_route=\/wp\/v2\/users\/5"}],"replies":[{"embeddable":true,"href":"https:\/\/jugulajm.net\/index.php?rest_route=%2Fwp%2Fv2%2Fcomments&post=72995"}],"version-history":[{"count":0,"href":"https:\/\/jugulajm.net\/index.php?rest_route=\/wp\/v2\/posts\/72995\/revisions"}],"wp:featuredmedia":[{"embeddable":true,"href":"https:\/\/jugulajm.net\/index.php?rest_route=\/wp\/v2\/media\/63723"}],"wp:attachment":[{"href":"https:\/\/jugulajm.net\/index.php?rest_route=%2Fwp%2Fv2%2Fmedia&parent=72995"}],"wp:term":[{"taxonomy":"category","embeddable":true,"href":"https:\/\/jugulajm.net\/index.php?rest_route=%2Fwp%2Fv2%2Fcategories&post=72995"},{"taxonomy":"post_tag","embeddable":true,"href":"https:\/\/jugulajm.net\/index.php?rest_route=%2Fwp%2Fv2%2Ftags&post=72995"}],"curies":[{"name":"wp","href":"https:\/\/api.w.org\/{rel}","templated":true}]}}