{"id":72865,"date":"2024-03-20T13:46:34","date_gmt":"2024-03-20T12:46:34","guid":{"rendered":"https:\/\/jugulajm.net\/?p=72865"},"modified":"2024-03-20T13:46:34","modified_gmt":"2024-03-20T12:46:34","slug":"greqi-gjykata-denon-24-vjecarin-shqiptar-perdhunoi-1-te-mitur","status":"publish","type":"post","link":"https:\/\/jugulajm.net\/?p=72865","title":{"rendered":"Greqi\/ Gjykata d\u00ebnon 24-vje\u00e7arin shqiptar, p\u00ebrdhunoi 1 t\u00eb mitur"},"content":{"rendered":"<p>Nj\u00eb 24-vje\u00e7ar shqiptar \u00ebsht\u00eb shpallur\u00a0<a href=\"https:\/\/www.defence-point.gr\/news\/alvanos-kalese-to-paidi-sto-spiti-gia-paichnidi-kai-to-viase\">fajtor\u00a0<\/a>p\u00ebr abuzim seksual me nj\u00eb t\u00eb mitur dhe \u00ebsht\u00eb d\u00ebnuar me 13 vite burg.<\/p>\n<p>Gjykata e Selanikut e shpalli fajtor p\u00ebr akte seksuale me nj\u00eb t\u00eb mitur n\u00ebn mosh\u00ebn 12 vje\u00e7 dhe p\u00ebrdhunim.<\/p>\n<p>24-vje\u00e7ari do ndalohet me mas\u00ebn e detyrimit me paraqitje n\u00eb komisariatin e Selanikut dhe do t\u00eb mbetet i lir\u00eb deri n\u00eb shqyrtimin e \u00e7\u00ebshtjes s\u00eb tij nga Apeli.<\/p>\n<p>Shqiptari ka dhunuar seksualisht t\u00eb miturin n\u00eb periudh\u00ebn 2018-2020 n\u00eb zon\u00ebn e Pell\u00ebs n\u00eb Greqi.<\/p>\n<p>Gjith\u00e7ka filloi n\u00eb vitin 2018, kur shqiptari e ka ftuar fqinjin e tij 12-vje\u00e7ar n\u00eb sht\u00ebpi p\u00ebr luajtur nj\u00eb video-loj\u00eb.<\/p>\n<p>Duke p\u00ebrfituar edhe nga fakti q\u00eb prind\u00ebrit e t\u00eb miturit punonin larg dhe angazhoheshin me pun\u00eb bujq\u00ebsore, 24-vje\u00e7ari e dhunonte fizikisht dhe seksualisht, gj\u00eb q\u00eb u p\u00ebrs\u00ebrit dhe n\u00eb vitet n\u00eb vijim, her\u00eb n\u00eb sht\u00ebpin\u00eb e t\u00eb akuzuarit, her\u00eb n\u00eb arat e prind\u00ebrve t\u00eb t\u00eb miturit.<\/p>\n<p>Ky rast u zbulua pas nj\u00eb denoncimi n\u00eb Komisionin e Vler\u00ebsimit dhe Mb\u00ebshtetjes Arsimore t\u00eb shkoll\u00ebs s\u00eb mesme profesionale ku studionte i mituri, nd\u00ebrsa ndaj shqiptarit ishte b\u00ebr\u00eb nj\u00eb kall\u00ebzim edhe m\u00eb her\u00ebt.<\/p>\n<p>Nd\u00ebrkoh\u00eb 24-vje\u00e7ari i ka mohuar akuzat e b\u00ebra ndaj tij.<\/p>\n","protected":false},"excerpt":{"rendered":"<p>Nj\u00eb 24-vje\u00e7ar shqiptar \u00ebsht\u00eb shpallur\u00a0fajtor\u00a0p\u00ebr abuzim seksual me nj\u00eb t\u00eb mitur dhe \u00ebsht\u00eb d\u00ebnuar me 13 vite burg. Gjykata e Selanikut e shpalli fajtor p\u00ebr akte seksuale me nj\u00eb t\u00eb mitur n\u00ebn mosh\u00ebn 12 vje\u00e7 dhe p\u00ebrdhunim. 24-vje\u00e7ari do ndalohet me mas\u00ebn e detyrimit me paraqitje n\u00eb komisariatin e Selanikut dhe do t\u00eb mbetet i [&hellip;]<\/p>\n","protected":false},"author":5,"featured_media":52186,"comment_status":"closed","ping_status":"closed","sticky":false,"template":"","format":"standard","meta":{"footnotes":""},"categories":[1,6332],"tags":[30150,30151],"class_list":{"0":"post-72865","1":"post","2":"type-post","3":"status-publish","4":"format-standard","5":"has-post-thumbnail","7":"category-aktualitet","8":"category-te-fundit","9":"tag-greqi-gjykata-denon-24-vjecarin-shqiptar","10":"tag-perdhunoi-1-te-mitur"},"_links":{"self":[{"href":"https:\/\/jugulajm.net\/index.php?rest_route=\/wp\/v2\/posts\/72865","targetHints":{"allow":["GET"]}}],"collection":[{"href":"https:\/\/jugulajm.net\/index.php?rest_route=\/wp\/v2\/posts"}],"about":[{"href":"https:\/\/jugulajm.net\/index.php?rest_route=\/wp\/v2\/types\/post"}],"author":[{"embeddable":true,"href":"https:\/\/jugulajm.net\/index.php?rest_route=\/wp\/v2\/users\/5"}],"replies":[{"embeddable":true,"href":"https:\/\/jugulajm.net\/index.php?rest_route=%2Fwp%2Fv2%2Fcomments&post=72865"}],"version-history":[{"count":0,"href":"https:\/\/jugulajm.net\/index.php?rest_route=\/wp\/v2\/posts\/72865\/revisions"}],"wp:featuredmedia":[{"embeddable":true,"href":"https:\/\/jugulajm.net\/index.php?rest_route=\/wp\/v2\/media\/52186"}],"wp:attachment":[{"href":"https:\/\/jugulajm.net\/index.php?rest_route=%2Fwp%2Fv2%2Fmedia&parent=72865"}],"wp:term":[{"taxonomy":"category","embeddable":true,"href":"https:\/\/jugulajm.net\/index.php?rest_route=%2Fwp%2Fv2%2Fcategories&post=72865"},{"taxonomy":"post_tag","embeddable":true,"href":"https:\/\/jugulajm.net\/index.php?rest_route=%2Fwp%2Fv2%2Ftags&post=72865"}],"curies":[{"name":"wp","href":"https:\/\/api.w.org\/{rel}","templated":true}]}}