{"id":72842,"date":"2024-03-19T21:55:03","date_gmt":"2024-03-19T20:55:03","guid":{"rendered":"https:\/\/jugulajm.net\/?p=72842"},"modified":"2024-03-19T21:55:03","modified_gmt":"2024-03-19T20:55:03","slug":"emri-foto-humb-jeten-shqiptari-20-vjecar","status":"publish","type":"post","link":"https:\/\/jugulajm.net\/?p=72842","title":{"rendered":"EMRI-FOTO\/ Humb jet\u00ebn shqiptari 20-vje\u00e7ar"},"content":{"rendered":"<p>Nj\u00eb aksident tragjik i ka marr\u00eb jet\u00ebn nj\u00eb 20-vje\u00e7ari shqiptar n\u00eb Itali.<\/p>\n<p>Sipas\u00a0<a href=\"https:\/\/www.nordest24.it\/incidente-moto-tangenziale-morto-20enne-alfred-vocaj\/\"><strong>medieve italiane<\/strong><\/a>\u00a0ngjarja ka ndodhur n\u00eb or\u00ebt e para t\u00eb m\u00ebngjesit t\u00eb\u00a0sot\u00ebm, 19 mars.<\/p>\n<p>Alfred Vocaj,\u00a0banonte n\u00eb\u00a0Abano Terme\u00a0me familjen e tij. Motori i tij u p\u00ebrplas me nj\u00eb makin\u00eb dhe fatkeq\u00ebsisht i riu nuk mundi t\u2019i mbijetonte plag\u00ebve t\u00eb marra.<\/p>\n<p><strong>Dinamika e aksidentit<\/strong><\/p>\n<p>Sipas rikonstruksioneve t\u00eb para t\u00eb kryera nga\u00a0oficer\u00ebt e policis\u00eb lokale t\u00eb Padov\u00ebs, Vocaj humbi kontrollin e motorit t\u00eb tij, dhe hyri n\u00eb korsin\u00eb e kund\u00ebrt.<\/p>\n<p>Ai u p\u00ebrplas kok\u00eb m\u00eb kok\u00eb me nj\u00eb Fiat Freemont, e cila drejtohej nga nj\u00eb 57-vje\u00e7ar.<\/p>\n","protected":false},"excerpt":{"rendered":"<p>Nj\u00eb aksident tragjik i ka marr\u00eb jet\u00ebn nj\u00eb 20-vje\u00e7ari shqiptar n\u00eb Itali. Sipas\u00a0medieve italiane\u00a0ngjarja ka ndodhur n\u00eb or\u00ebt e para t\u00eb m\u00ebngjesit t\u00eb\u00a0sot\u00ebm, 19 mars. Alfred Vocaj,\u00a0banonte n\u00eb\u00a0Abano Terme\u00a0me familjen e tij. Motori i tij u p\u00ebrplas me nj\u00eb makin\u00eb dhe fatkeq\u00ebsisht i riu nuk mundi t\u2019i mbijetonte plag\u00ebve t\u00eb marra. Dinamika e aksidentit Sipas [&hellip;]<\/p>\n","protected":false},"author":5,"featured_media":72843,"comment_status":"closed","ping_status":"closed","sticky":false,"template":"","format":"standard","meta":{"footnotes":""},"categories":[1,6332],"tags":[30145],"class_list":{"0":"post-72842","1":"post","2":"type-post","3":"status-publish","4":"format-standard","5":"has-post-thumbnail","7":"category-aktualitet","8":"category-te-fundit","9":"tag-emri-foto-humb-jeten-shqiptari-20-vjecar"},"_links":{"self":[{"href":"https:\/\/jugulajm.net\/index.php?rest_route=\/wp\/v2\/posts\/72842","targetHints":{"allow":["GET"]}}],"collection":[{"href":"https:\/\/jugulajm.net\/index.php?rest_route=\/wp\/v2\/posts"}],"about":[{"href":"https:\/\/jugulajm.net\/index.php?rest_route=\/wp\/v2\/types\/post"}],"author":[{"embeddable":true,"href":"https:\/\/jugulajm.net\/index.php?rest_route=\/wp\/v2\/users\/5"}],"replies":[{"embeddable":true,"href":"https:\/\/jugulajm.net\/index.php?rest_route=%2Fwp%2Fv2%2Fcomments&post=72842"}],"version-history":[{"count":0,"href":"https:\/\/jugulajm.net\/index.php?rest_route=\/wp\/v2\/posts\/72842\/revisions"}],"wp:featuredmedia":[{"embeddable":true,"href":"https:\/\/jugulajm.net\/index.php?rest_route=\/wp\/v2\/media\/72843"}],"wp:attachment":[{"href":"https:\/\/jugulajm.net\/index.php?rest_route=%2Fwp%2Fv2%2Fmedia&parent=72842"}],"wp:term":[{"taxonomy":"category","embeddable":true,"href":"https:\/\/jugulajm.net\/index.php?rest_route=%2Fwp%2Fv2%2Fcategories&post=72842"},{"taxonomy":"post_tag","embeddable":true,"href":"https:\/\/jugulajm.net\/index.php?rest_route=%2Fwp%2Fv2%2Ftags&post=72842"}],"curies":[{"name":"wp","href":"https:\/\/api.w.org\/{rel}","templated":true}]}}