{"id":72774,"date":"2024-03-18T08:59:12","date_gmt":"2024-03-18T07:59:12","guid":{"rendered":"https:\/\/jugulajm.net\/?p=72774"},"modified":"2024-03-18T09:00:52","modified_gmt":"2024-03-18T08:00:52","slug":"foto-parashikimi-i-motit-per-gjithe-javen","status":"publish","type":"post","link":"https:\/\/jugulajm.net\/?p=72774","title":{"rendered":"FOTO\/ Parashikimi i motit p\u00ebr gjith\u00eb jav\u00ebn&#8230;"},"content":{"rendered":"<p>P\u00ebr jav\u00ebn q\u00eb presim p\u00ebrpara, mbi vendin ton\u00eb parashikohet mot kryesisht i q\u00ebndruesh\u00ebm. Kjo situat\u00eb vjen si pasoj\u00eb e aktivitetit m\u00eb t\u00eb theksuar t\u00eb dy anticikloneve, ai i Azoreve dhe ai Afrikan, t\u00eb cil\u00ebt jan\u00eb ngritur m\u00eb lart n\u00eb gjer\u00ebsit\u00eb gjeografike.<\/p>\n<p>N\u00eb k\u00ebt\u00eb m\u00ebnyr\u00eb ky aktivitet i tyre pritet t\u00eb sjell\u00eb mot t\u00eb q\u00ebndruesh\u00ebm dhe temperatura n\u00eb rritje (tashm\u00eb zyrtarisht n\u00eb periudh\u00ebn e pranver\u00ebs) edhe pse nuk do t\u00eb mungojn\u00eb dep\u00ebrtimet e qendrave ciklonare me masa ajrore t\u00eb ftohta.<\/p>\n<p>P\u00ebrsa u p\u00ebrmend edhe m\u00eb lart, p\u00ebr dit\u00ebn e H\u00ebn\u00eb por edhe dit\u00ebt e M\u00ebrkur\u00eb, Enjte dhe t\u00eb Premte moti parashikohet me kthjellime por edhe alternime vran\u00ebsirash kalimtare t\u00eb cilat dit\u00ebn e H\u00ebn\u00eb do t\u00eb shoq\u00ebrohen me reshje shiu t\u00eb dob\u00ebta dhe afatshkurtra n\u00eb form\u00ebn e pikave.<\/p>\n<p>Sipas Sh\u00ebrbimit Meteorologjik Ushtarak, p\u00ebrjashtim b\u00ebn dita e Mart\u00eb. Moti p\u00ebr dit\u00ebn e Mart\u00eb parashikohet nga or\u00ebt e para t\u00eb 24-or\u00ebshit deri n\u00eb or\u00ebt e mesdit\u00ebs i vran\u00ebt dhe reshje shiu t\u00eb her\u00ebpashershme me intensitet t\u00eb ul\u00ebt deri dhe mesatar, n\u00eb form\u00ebn e shtr\u00ebngatave n\u00eb pjes\u00ebn m\u00eb t\u00eb madhe t\u00eb vendit. Pas or\u00ebve t\u00eb mesdit\u00ebs pritet mot me kthjellime e alternime vran\u00ebsirash.<\/p>\n<p>Temperaturat do t\u00eb jen\u00eb me rritje t\u00eb lehta p\u00ebrgjat\u00eb k\u00ebtyr\u00eb dit\u00ebve, kryesisht n\u00eb vlerat e mesdit\u00ebs, por n\u00eb vlera mormale t\u00eb mesatares klimaterike t\u00eb vendit ton\u00eb.<\/p>\n<p><strong><img decoding=\"async\" src=\"https:\/\/media.cna.al\/cna.al\/media3\/-640-0-1710741969x431526179-822534679871249-2531254622178423242-n-647.jpg\" alt=\"Temperatura n\u00eb rritje\/ Si parashikohet moti p\u00ebr sot dhe dit\u00ebt e\" width=\"100%\" data-size=\"x\" data-id=\"417449\" \/><\/strong><\/p>\n","protected":false},"excerpt":{"rendered":"<p>P\u00ebr jav\u00ebn q\u00eb presim p\u00ebrpara, mbi vendin ton\u00eb parashikohet mot kryesisht i q\u00ebndruesh\u00ebm. Kjo situat\u00eb vjen si pasoj\u00eb e aktivitetit m\u00eb t\u00eb theksuar t\u00eb dy anticikloneve, ai i Azoreve dhe ai Afrikan, t\u00eb cil\u00ebt jan\u00eb ngritur m\u00eb lart n\u00eb gjer\u00ebsit\u00eb gjeografike. N\u00eb k\u00ebt\u00eb m\u00ebnyr\u00eb ky aktivitet i tyre pritet t\u00eb sjell\u00eb mot t\u00eb q\u00ebndruesh\u00ebm dhe [&hellip;]<\/p>\n","protected":false},"author":5,"featured_media":55361,"comment_status":"closed","ping_status":"closed","sticky":false,"template":"","format":"standard","meta":{"footnotes":""},"categories":[7650,6332,29228],"tags":[30108],"class_list":{"0":"post-72774","1":"post","2":"type-post","3":"status-publish","4":"format-standard","5":"has-post-thumbnail","7":"category-moti","8":"category-te-fundit","9":"category-vendi","10":"tag-foto-parashikimi-i-motit-per-gjithe-javen"},"_links":{"self":[{"href":"https:\/\/jugulajm.net\/index.php?rest_route=\/wp\/v2\/posts\/72774","targetHints":{"allow":["GET"]}}],"collection":[{"href":"https:\/\/jugulajm.net\/index.php?rest_route=\/wp\/v2\/posts"}],"about":[{"href":"https:\/\/jugulajm.net\/index.php?rest_route=\/wp\/v2\/types\/post"}],"author":[{"embeddable":true,"href":"https:\/\/jugulajm.net\/index.php?rest_route=\/wp\/v2\/users\/5"}],"replies":[{"embeddable":true,"href":"https:\/\/jugulajm.net\/index.php?rest_route=%2Fwp%2Fv2%2Fcomments&post=72774"}],"version-history":[{"count":0,"href":"https:\/\/jugulajm.net\/index.php?rest_route=\/wp\/v2\/posts\/72774\/revisions"}],"wp:featuredmedia":[{"embeddable":true,"href":"https:\/\/jugulajm.net\/index.php?rest_route=\/wp\/v2\/media\/55361"}],"wp:attachment":[{"href":"https:\/\/jugulajm.net\/index.php?rest_route=%2Fwp%2Fv2%2Fmedia&parent=72774"}],"wp:term":[{"taxonomy":"category","embeddable":true,"href":"https:\/\/jugulajm.net\/index.php?rest_route=%2Fwp%2Fv2%2Fcategories&post=72774"},{"taxonomy":"post_tag","embeddable":true,"href":"https:\/\/jugulajm.net\/index.php?rest_route=%2Fwp%2Fv2%2Ftags&post=72774"}],"curies":[{"name":"wp","href":"https:\/\/api.w.org\/{rel}","templated":true}]}}