{"id":72749,"date":"2024-03-17T17:57:53","date_gmt":"2024-03-17T16:57:53","guid":{"rendered":"https:\/\/jugulajm.net\/?p=72749"},"modified":"2024-03-17T17:57:53","modified_gmt":"2024-03-17T16:57:53","slug":"foto-aksident-i-dyfishte-njera-prej-makinave-demtohet-rende","status":"publish","type":"post","link":"https:\/\/jugulajm.net\/?p=72749","title":{"rendered":"FOTO\/ Aksident i dyfisht\u00eb, nj\u00ebra prej makinave d\u00ebmtohet r\u00ebnd\u00eb"},"content":{"rendered":"<p>Nj\u00eb aksident ku jan\u00eb p\u00ebrfshir\u00eb dy automjete ka ndodhur n\u00eb nj\u00eb nga lagjet e qytetit t\u00eb C\u00ebrrikut.<\/p>\n<p>Paraprakisht dyshohet se shkak i aksidentit ka qen\u00eb qarkullimi me shpejt\u00ebsi tej normave t\u00eb lejuara dhe humbja e kontrollit t\u00eb drejtimit t\u00eb l\u00ebvizjes nga ana e nj\u00ebrit prej drejtuesve t\u00eb automjeteve t\u00eb p\u00ebrfshira n\u00eb k\u00ebt\u00eb aksident.<\/p>\n<div class=\"insertion-box\">\n<div class=\"medianative\" data-reklama=\"Euronews\"><\/div>\n<\/div>\n<p>Nd\u00ebrsa nj\u00ebri prej automjeteve ka mbetur i shkat\u00ebrruar pothuajse plot\u00ebsisht.<\/p>\n","protected":false},"excerpt":{"rendered":"<p>Nj\u00eb aksident ku jan\u00eb p\u00ebrfshir\u00eb dy automjete ka ndodhur n\u00eb nj\u00eb nga lagjet e qytetit t\u00eb C\u00ebrrikut. Paraprakisht dyshohet se shkak i aksidentit ka qen\u00eb qarkullimi me shpejt\u00ebsi tej normave t\u00eb lejuara dhe humbja e kontrollit t\u00eb drejtimit t\u00eb l\u00ebvizjes nga ana e nj\u00ebrit prej drejtuesve t\u00eb automjeteve t\u00eb p\u00ebrfshira n\u00eb k\u00ebt\u00eb aksident. Nd\u00ebrsa nj\u00ebri [&hellip;]<\/p>\n","protected":false},"author":5,"featured_media":72750,"comment_status":"closed","ping_status":"closed","sticky":false,"template":"","format":"standard","meta":{"footnotes":""},"categories":[1,6332,29228],"tags":[30092,30093],"class_list":{"0":"post-72749","1":"post","2":"type-post","3":"status-publish","4":"format-standard","5":"has-post-thumbnail","7":"category-aktualitet","8":"category-te-fundit","9":"category-vendi","10":"tag-foto-aksident-i-dyfishte","11":"tag-njera-prej-makinave-demtohet-rende"},"_links":{"self":[{"href":"https:\/\/jugulajm.net\/index.php?rest_route=\/wp\/v2\/posts\/72749","targetHints":{"allow":["GET"]}}],"collection":[{"href":"https:\/\/jugulajm.net\/index.php?rest_route=\/wp\/v2\/posts"}],"about":[{"href":"https:\/\/jugulajm.net\/index.php?rest_route=\/wp\/v2\/types\/post"}],"author":[{"embeddable":true,"href":"https:\/\/jugulajm.net\/index.php?rest_route=\/wp\/v2\/users\/5"}],"replies":[{"embeddable":true,"href":"https:\/\/jugulajm.net\/index.php?rest_route=%2Fwp%2Fv2%2Fcomments&post=72749"}],"version-history":[{"count":0,"href":"https:\/\/jugulajm.net\/index.php?rest_route=\/wp\/v2\/posts\/72749\/revisions"}],"wp:featuredmedia":[{"embeddable":true,"href":"https:\/\/jugulajm.net\/index.php?rest_route=\/wp\/v2\/media\/72750"}],"wp:attachment":[{"href":"https:\/\/jugulajm.net\/index.php?rest_route=%2Fwp%2Fv2%2Fmedia&parent=72749"}],"wp:term":[{"taxonomy":"category","embeddable":true,"href":"https:\/\/jugulajm.net\/index.php?rest_route=%2Fwp%2Fv2%2Fcategories&post=72749"},{"taxonomy":"post_tag","embeddable":true,"href":"https:\/\/jugulajm.net\/index.php?rest_route=%2Fwp%2Fv2%2Ftags&post=72749"}],"curies":[{"name":"wp","href":"https:\/\/api.w.org\/{rel}","templated":true}]}}