{"id":72739,"date":"2024-03-17T12:39:36","date_gmt":"2024-03-17T11:39:36","guid":{"rendered":"https:\/\/jugulajm.net\/?p=72739"},"modified":"2024-03-17T12:41:43","modified_gmt":"2024-03-17T11:41:43","slug":"itali-2-shqiptare-humbin-jeten-ne-nje-aksident-te-tmerrshem","status":"publish","type":"post","link":"https:\/\/jugulajm.net\/?p=72739","title":{"rendered":"Itali\/ 2 shqiptar\u00eb humb\u00ebn jet\u00ebn n\u00eb nj\u00eb aksident t\u00eb tmerrsh\u00ebm"},"content":{"rendered":"<p>Dy t\u00eb vdekur dhe nj\u00eb i plagosur r\u00ebnd\u00eb. Ky \u00ebsht\u00eb bilanci i nj\u00eb aksidenti tragjik rrugor i regjistruar p\u00ebrgjat\u00eb rrug\u00ebs, Casilina, mes Colleferro dhe Anagni mbr\u00ebmjen e s\u00eb shtun\u00ebs.<\/p>\n<p>Dy t\u00eb rinj me origjin\u00eb shqiptare humb\u00ebn jet\u00ebn si dhe personi i tret\u00eb mbeti i plagosur r\u00ebnd\u00eb.<\/p>\n<p>Nga informacionet fillestare ishte nj\u00eb aksident i pavarur. T\u00eb tre, pak pas or\u00ebs 22:00, po udh\u00ebtonin me nj\u00eb BMW n\u00eb drejtim t\u00eb Colleferro, kur shoferi humbi kontrollin e makin\u00ebs. Prej aty ka ndodhur p\u00ebrplasja, ku vetura \u00ebsht\u00eb p\u00ebrmbysur, duke e nxjerr\u00eb t\u00eb plagosurin nga kabina e pasagjer\u00ebve.<\/p>\n<p>Pasi ka p\u00ebrfunduar jasht\u00eb rrug\u00ebs, makina ka marr\u00eb flak\u00eb, ku dy viktimat kan\u00eb ngecur brenda. Shkak i aksidentit dyshohet t\u00eb jet\u00eb shpejt\u00ebsia e lart\u00eb.<\/p>\n<p>P\u00ebrve\u00e7 karabinier\u00ebve nga Colleferro, n\u00eb vendngjarje kan\u00eb nd\u00ebrhyr\u00eb edhe zjarrfik\u00ebsit dhe ambulancat t\u00eb cilat nuk kan\u00eb mundur t\u00eb b\u00ebjn\u00eb gj\u00eb tjet\u00ebr ve\u00e7se konfirmojn\u00eb vdekjen e t\u00eb dyve. I plagosuri u transportua me kodin e kuq n\u00eb Colleferro.<\/p>\n","protected":false},"excerpt":{"rendered":"<p>Dy t\u00eb vdekur dhe nj\u00eb i plagosur r\u00ebnd\u00eb. Ky \u00ebsht\u00eb bilanci i nj\u00eb aksidenti tragjik rrugor i regjistruar p\u00ebrgjat\u00eb rrug\u00ebs, Casilina, mes Colleferro dhe Anagni mbr\u00ebmjen e s\u00eb shtun\u00ebs. Dy t\u00eb rinj me origjin\u00eb shqiptare humb\u00ebn jet\u00ebn si dhe personi i tret\u00eb mbeti i plagosur r\u00ebnd\u00eb. Nga informacionet fillestare ishte nj\u00eb aksident i pavarur. T\u00eb [&hellip;]<\/p>\n","protected":false},"author":5,"featured_media":69292,"comment_status":"closed","ping_status":"closed","sticky":false,"template":"","format":"standard","meta":{"footnotes":""},"categories":[1,7664,6332],"tags":[30088],"class_list":{"0":"post-72739","1":"post","2":"type-post","3":"status-publish","4":"format-standard","5":"has-post-thumbnail","7":"category-aktualitet","8":"category-bota","9":"category-te-fundit","10":"tag-itali-2-shqiptare-humben-jeten-ne-nje-aksident-te-tmerrshem"},"_links":{"self":[{"href":"https:\/\/jugulajm.net\/index.php?rest_route=\/wp\/v2\/posts\/72739","targetHints":{"allow":["GET"]}}],"collection":[{"href":"https:\/\/jugulajm.net\/index.php?rest_route=\/wp\/v2\/posts"}],"about":[{"href":"https:\/\/jugulajm.net\/index.php?rest_route=\/wp\/v2\/types\/post"}],"author":[{"embeddable":true,"href":"https:\/\/jugulajm.net\/index.php?rest_route=\/wp\/v2\/users\/5"}],"replies":[{"embeddable":true,"href":"https:\/\/jugulajm.net\/index.php?rest_route=%2Fwp%2Fv2%2Fcomments&post=72739"}],"version-history":[{"count":0,"href":"https:\/\/jugulajm.net\/index.php?rest_route=\/wp\/v2\/posts\/72739\/revisions"}],"wp:featuredmedia":[{"embeddable":true,"href":"https:\/\/jugulajm.net\/index.php?rest_route=\/wp\/v2\/media\/69292"}],"wp:attachment":[{"href":"https:\/\/jugulajm.net\/index.php?rest_route=%2Fwp%2Fv2%2Fmedia&parent=72739"}],"wp:term":[{"taxonomy":"category","embeddable":true,"href":"https:\/\/jugulajm.net\/index.php?rest_route=%2Fwp%2Fv2%2Fcategories&post=72739"},{"taxonomy":"post_tag","embeddable":true,"href":"https:\/\/jugulajm.net\/index.php?rest_route=%2Fwp%2Fv2%2Ftags&post=72739"}],"curies":[{"name":"wp","href":"https:\/\/api.w.org\/{rel}","templated":true}]}}