{"id":72705,"date":"2024-03-16T11:16:03","date_gmt":"2024-03-16T10:16:03","guid":{"rendered":"https:\/\/jugulajm.net\/?p=72705"},"modified":"2024-03-16T11:16:03","modified_gmt":"2024-03-16T10:16:03","slug":"itali-prangoset-40-vjecari-shqiptar-ishte-denuar-me-25-vjet-burg-per-vrasje","status":"publish","type":"post","link":"https:\/\/jugulajm.net\/?p=72705","title":{"rendered":"Itali\/ Prangoset 40-vje\u00e7ari shqiptar, ishte d\u00ebnuar me 25 vjet burg p\u00ebr vrasje"},"content":{"rendered":"<p>Nj\u00eb 40-vje\u00e7ar shqiptar \u00ebsht\u00eb arrestuar n\u00eb Cefalu t\u00eb Sicilis\u00eb. Ndaj tij kishte nj\u00eb urdh\u00ebr arresti nd\u00ebrkomb\u00ebtar t\u00eb autoriteteve shqiptare. 40-vje\u00e7ari rezulton i d\u00ebnuar me 25 vite burg nga Gjykata e Tiran\u00ebs p\u00ebr vrasje, arm\u00ebmbajtje pa leje dhe grabitje.<\/p>\n<p>Ngjarja p\u00ebr t\u00eb cil\u00ebn akuzohet ai ka ndodhur n\u00eb fillim t\u00eb viteve 2000 ku ka ekzekutuar nj\u00eb person pas nj\u00eb grabitje dhe q\u00eb prej at\u00ebher\u00eb \u00ebsht\u00eb fshehur n\u00eb Itali n\u00ebn nj\u00eb identitet fals.<\/p>\n<p><a href=\"https:\/\/www.lamontagne.fr\/clermont-ferrand-63000\/actualites\/condamne-a-six-ans-de-prison-pour-un-trafic-de-drogues-dans-le-puy-de-dome-et-l-allier_14469202\/\">Arrestimi<\/a>\u00a0u b\u00eb i mundur pas hetimeve t\u00eb koordinuara nga Prokuroria Publike Termini Imerese dhe t\u00eb kryer nga Nj\u00ebsia Operative \u2013 Seksioni Operativ i kompanis\u00eb s\u00eb sip\u00ebrp\u00ebrmendur mbi baz\u00ebn e informacionit t\u00eb marr\u00eb dhe kontrollin e territorit t\u00eb kryer nga Stacioni i Karabinier\u00ebve t\u00eb Lascarit.<\/p>\n<p>Nga hetimet e m\u00ebvonshme, t\u00eb v\u00ebrtetuara nga aktiviteti teknik dhe shk\u00ebmbimi i informacionit me autoritetet shqiptare n\u00ebp\u00ebrmjet Drejtoris\u00eb Qendrore t\u00eb Policis\u00eb Kriminale \u2013 Sh\u00ebrbimi p\u00ebr Bashk\u00ebpunim Policor Nd\u00ebrkomb\u00ebtar, b\u00ebn\u00eb t\u00eb mundur marrjen e elementeve t\u00eb aft\u00eb p\u00ebr t\u00eb konstatuar detajet e sakta t\u00eb t\u00eb arratisurit.<br \/>\nI arrestuari \u00ebsht\u00eb v\u00ebn\u00eb n\u00eb dispozicion t\u00eb Autoritetit Gjyq\u00ebsor me q\u00ebllim ekstradimin n\u00eb Shqip\u00ebri.<\/p>\n","protected":false},"excerpt":{"rendered":"<p>Nj\u00eb 40-vje\u00e7ar shqiptar \u00ebsht\u00eb arrestuar n\u00eb Cefalu t\u00eb Sicilis\u00eb. Ndaj tij kishte nj\u00eb urdh\u00ebr arresti nd\u00ebrkomb\u00ebtar t\u00eb autoriteteve shqiptare. 40-vje\u00e7ari rezulton i d\u00ebnuar me 25 vite burg nga Gjykata e Tiran\u00ebs p\u00ebr vrasje, arm\u00ebmbajtje pa leje dhe grabitje. Ngjarja p\u00ebr t\u00eb cil\u00ebn akuzohet ai ka ndodhur n\u00eb fillim t\u00eb viteve 2000 ku ka ekzekutuar nj\u00eb [&hellip;]<\/p>\n","protected":false},"author":5,"featured_media":63822,"comment_status":"closed","ping_status":"closed","sticky":false,"template":"","format":"standard","meta":{"footnotes":""},"categories":[1,7664,6332],"tags":[30071,30070],"class_list":{"0":"post-72705","1":"post","2":"type-post","3":"status-publish","4":"format-standard","5":"has-post-thumbnail","7":"category-aktualitet","8":"category-bota","9":"category-te-fundit","10":"tag-ishte-denuar-me-25-vjet-burg-per-vrasje","11":"tag-itali-prangoset-40-vjecari-shqiptar"},"_links":{"self":[{"href":"https:\/\/jugulajm.net\/index.php?rest_route=\/wp\/v2\/posts\/72705","targetHints":{"allow":["GET"]}}],"collection":[{"href":"https:\/\/jugulajm.net\/index.php?rest_route=\/wp\/v2\/posts"}],"about":[{"href":"https:\/\/jugulajm.net\/index.php?rest_route=\/wp\/v2\/types\/post"}],"author":[{"embeddable":true,"href":"https:\/\/jugulajm.net\/index.php?rest_route=\/wp\/v2\/users\/5"}],"replies":[{"embeddable":true,"href":"https:\/\/jugulajm.net\/index.php?rest_route=%2Fwp%2Fv2%2Fcomments&post=72705"}],"version-history":[{"count":0,"href":"https:\/\/jugulajm.net\/index.php?rest_route=\/wp\/v2\/posts\/72705\/revisions"}],"wp:featuredmedia":[{"embeddable":true,"href":"https:\/\/jugulajm.net\/index.php?rest_route=\/wp\/v2\/media\/63822"}],"wp:attachment":[{"href":"https:\/\/jugulajm.net\/index.php?rest_route=%2Fwp%2Fv2%2Fmedia&parent=72705"}],"wp:term":[{"taxonomy":"category","embeddable":true,"href":"https:\/\/jugulajm.net\/index.php?rest_route=%2Fwp%2Fv2%2Fcategories&post=72705"},{"taxonomy":"post_tag","embeddable":true,"href":"https:\/\/jugulajm.net\/index.php?rest_route=%2Fwp%2Fv2%2Ftags&post=72705"}],"curies":[{"name":"wp","href":"https:\/\/api.w.org\/{rel}","templated":true}]}}