{"id":72576,"date":"2024-03-12T21:32:13","date_gmt":"2024-03-12T20:32:13","guid":{"rendered":"https:\/\/jugulajm.net\/?p=72576"},"modified":"2024-03-12T21:32:33","modified_gmt":"2024-03-12T20:32:33","slug":"lajm-i-fundit-sherr-me-thika-plagosen-2-vellezer","status":"publish","type":"post","link":"https:\/\/jugulajm.net\/?p=72576","title":{"rendered":"LAJM I FUNDIT\/ Sherr me thika, plagosen 2 v\u00ebllez\u00ebr"},"content":{"rendered":"<p>Dy v\u00ebllez\u00ebr kan\u00eb mbetur t\u00eb plagosur me thik\u00eb mbr\u00ebmjen e sotme n\u00eb qytetin e Durr\u00ebsit. Policia tha se ngjarja ka ndodhur n\u00eb lagjen nr.5 t\u00eb qytetit, ku kan\u00eb mbetur t\u00eb plagosur shtetasit M. B., 38 vje\u00e7 dhe K. B., 35 vje\u00e7 (v\u00ebllez\u00ebr), t\u00eb cil\u00ebt ndodhen n\u00eb spital jasht\u00eb rrezikut p\u00ebr jet\u00ebn.<\/p>\n<p>Policia ka identifikuar nj\u00eb nga autor\u00ebt dhe e ka shpallur n\u00eb k\u00ebrkim at\u00eb.<\/p>\n<p><strong>Njoftimi i policis\u00eb:<\/strong><\/p>\n<p>N\u00eb lagjen nr. 5, si pasoj\u00eb e nj\u00eb konflikti jan\u00eb d\u00ebmtuar me mjet prer\u00ebs, shtetasit M. B., 38 vje\u00e7 dhe K. B., 35 vje\u00e7 (v\u00ebllez\u00ebr), t\u00eb cil\u00ebt ndodhen n\u00eb spital, p\u00ebr ndihm\u00eb mjek\u00ebsore, jasht\u00eb rrezikut p\u00ebr jet\u00ebn.<\/p>\n<p>Sh\u00ebrbimet e Policis\u00eb kan\u00eb shkuar menj\u00ebher\u00eb n\u00eb vendin e ngjarjes\u00a0\u00a0 dhe fal\u00eb veprimeve t\u00eb shpejta n\u00eb vendngjarje dhe sigurimit t\u00eb informacionit, kan\u00eb b\u00ebr\u00eb t\u00eb mundur identifikimin e nj\u00ebrit prej autor\u00ebve t\u00eb dyshuar, shtetasit R. F., 37 vje\u00e7. Vijon intensivisht puna p\u00ebr kapjen e tij.<\/p>\n<p>Nd\u00ebrkoh\u00eb, grupi hetimor ndodhet n\u00eb vendngjarje dhe n\u00eb drejtimin e\u00a0 Prokuroris\u00eb po vijon pun\u00ebn p\u00ebr identifikimin e autorit tjet\u00ebr, zbardhjen e rrethanave dhe dokumentimin ligjor t\u00eb rastit.<\/p>\n","protected":false},"excerpt":{"rendered":"<p>Dy v\u00ebllez\u00ebr kan\u00eb mbetur t\u00eb plagosur me thik\u00eb mbr\u00ebmjen e sotme n\u00eb qytetin e Durr\u00ebsit. Policia tha se ngjarja ka ndodhur n\u00eb lagjen nr.5 t\u00eb qytetit, ku kan\u00eb mbetur t\u00eb plagosur shtetasit M. B., 38 vje\u00e7 dhe K. B., 35 vje\u00e7 (v\u00ebllez\u00ebr), t\u00eb cil\u00ebt ndodhen n\u00eb spital jasht\u00eb rrezikut p\u00ebr jet\u00ebn. Policia ka identifikuar nj\u00eb [&hellip;]<\/p>\n","protected":false},"author":5,"featured_media":51533,"comment_status":"closed","ping_status":"closed","sticky":false,"template":"","format":"standard","meta":{"footnotes":""},"categories":[1,6332],"tags":[29235,24576],"class_list":{"0":"post-72576","1":"post","2":"type-post","3":"status-publish","4":"format-standard","5":"has-post-thumbnail","7":"category-aktualitet","8":"category-te-fundit","9":"tag-lajm-i-fundit-sherr-me-thika","10":"tag-plagosen-2-vellezer"},"_links":{"self":[{"href":"https:\/\/jugulajm.net\/index.php?rest_route=\/wp\/v2\/posts\/72576","targetHints":{"allow":["GET"]}}],"collection":[{"href":"https:\/\/jugulajm.net\/index.php?rest_route=\/wp\/v2\/posts"}],"about":[{"href":"https:\/\/jugulajm.net\/index.php?rest_route=\/wp\/v2\/types\/post"}],"author":[{"embeddable":true,"href":"https:\/\/jugulajm.net\/index.php?rest_route=\/wp\/v2\/users\/5"}],"replies":[{"embeddable":true,"href":"https:\/\/jugulajm.net\/index.php?rest_route=%2Fwp%2Fv2%2Fcomments&post=72576"}],"version-history":[{"count":0,"href":"https:\/\/jugulajm.net\/index.php?rest_route=\/wp\/v2\/posts\/72576\/revisions"}],"wp:featuredmedia":[{"embeddable":true,"href":"https:\/\/jugulajm.net\/index.php?rest_route=\/wp\/v2\/media\/51533"}],"wp:attachment":[{"href":"https:\/\/jugulajm.net\/index.php?rest_route=%2Fwp%2Fv2%2Fmedia&parent=72576"}],"wp:term":[{"taxonomy":"category","embeddable":true,"href":"https:\/\/jugulajm.net\/index.php?rest_route=%2Fwp%2Fv2%2Fcategories&post=72576"},{"taxonomy":"post_tag","embeddable":true,"href":"https:\/\/jugulajm.net\/index.php?rest_route=%2Fwp%2Fv2%2Ftags&post=72576"}],"curies":[{"name":"wp","href":"https:\/\/api.w.org\/{rel}","templated":true}]}}