{"id":72573,"date":"2024-03-12T21:25:06","date_gmt":"2024-03-12T20:25:06","guid":{"rendered":"https:\/\/jugulajm.net\/?p=72573"},"modified":"2024-03-12T21:25:06","modified_gmt":"2024-03-12T20:25:06","slug":"emri-foto-u-plagos-sot-ja-kush-eshte-studenti-i-akademise-se-sigurise","status":"publish","type":"post","link":"https:\/\/jugulajm.net\/?p=72573","title":{"rendered":"EMRI-FOTO\/ U plagos sot, ja kush \u00ebsht\u00eb studenti i Akademis\u00eb s\u00eb Siguris\u00eb&#8230;"},"content":{"rendered":"<div class=\"firstP\">\n<p>Personi n\u00eb foto \u00ebsht\u00eb Gjergj Nd\u00ebrshtiqaj, studenti i Akademis\u00eb s\u00eb Siguris\u00eb, q\u00eb u plagos sonte n\u00eb Shkod\u00ebr.<\/p>\n<\/div>\n<p>I riu studion Akademin\u00eb, q\u00eb prej vitit 2020. N\u00eb rrethana ende t\u00eb paqarta, ai u q\u00ebllua me arm\u00eb dhe mbeti i plagosur s\u00eb bashku me kunatin, Gjon Nik\u00ebn n\u00eb fshatin Grud\u00eb e Re. T\u00eb dy ndodhen n\u00eb spital.<\/p>\n<p>N\u00eb drejtim t\u00eb vendit t\u00eb ngjarjes jan\u00eb nisur drejtuesit e Drejtoris\u00eb Vendore t\u00eb Policis\u00eb si dhe disa grupe t\u00eb Forc\u00ebs Komb\u00ebtare t\u00eb Siguris\u00eb dhe t\u00eb RENEA-s e specialist\u00eb nga Departamenti i Policis\u00eb Kriminale n\u00eb Policin\u00eb e Shtetit.<\/p>\n","protected":false},"excerpt":{"rendered":"<p>Personi n\u00eb foto \u00ebsht\u00eb Gjergj Nd\u00ebrshtiqaj, studenti i Akademis\u00eb s\u00eb Siguris\u00eb, q\u00eb u plagos sonte n\u00eb Shkod\u00ebr. I riu studion Akademin\u00eb, q\u00eb prej vitit 2020. N\u00eb rrethana ende t\u00eb paqarta, ai u q\u00ebllua me arm\u00eb dhe mbeti i plagosur s\u00eb bashku me kunatin, Gjon Nik\u00ebn n\u00eb fshatin Grud\u00eb e Re. T\u00eb dy ndodhen n\u00eb spital. [&hellip;]<\/p>\n","protected":false},"author":5,"featured_media":72574,"comment_status":"closed","ping_status":"closed","sticky":false,"template":"","format":"standard","meta":{"footnotes":""},"categories":[1,6332,29228],"tags":[30000,30001],"class_list":{"0":"post-72573","1":"post","2":"type-post","3":"status-publish","4":"format-standard","5":"has-post-thumbnail","7":"category-aktualitet","8":"category-te-fundit","9":"category-vendi","10":"tag-emri-foto-u-plagos-sot","11":"tag-ja-kush-eshte-studenti-i-akademise-se-sigurise"},"_links":{"self":[{"href":"https:\/\/jugulajm.net\/index.php?rest_route=\/wp\/v2\/posts\/72573","targetHints":{"allow":["GET"]}}],"collection":[{"href":"https:\/\/jugulajm.net\/index.php?rest_route=\/wp\/v2\/posts"}],"about":[{"href":"https:\/\/jugulajm.net\/index.php?rest_route=\/wp\/v2\/types\/post"}],"author":[{"embeddable":true,"href":"https:\/\/jugulajm.net\/index.php?rest_route=\/wp\/v2\/users\/5"}],"replies":[{"embeddable":true,"href":"https:\/\/jugulajm.net\/index.php?rest_route=%2Fwp%2Fv2%2Fcomments&post=72573"}],"version-history":[{"count":0,"href":"https:\/\/jugulajm.net\/index.php?rest_route=\/wp\/v2\/posts\/72573\/revisions"}],"wp:featuredmedia":[{"embeddable":true,"href":"https:\/\/jugulajm.net\/index.php?rest_route=\/wp\/v2\/media\/72574"}],"wp:attachment":[{"href":"https:\/\/jugulajm.net\/index.php?rest_route=%2Fwp%2Fv2%2Fmedia&parent=72573"}],"wp:term":[{"taxonomy":"category","embeddable":true,"href":"https:\/\/jugulajm.net\/index.php?rest_route=%2Fwp%2Fv2%2Fcategories&post=72573"},{"taxonomy":"post_tag","embeddable":true,"href":"https:\/\/jugulajm.net\/index.php?rest_route=%2Fwp%2Fv2%2Ftags&post=72573"}],"curies":[{"name":"wp","href":"https:\/\/api.w.org\/{rel}","templated":true}]}}