{"id":72566,"date":"2024-03-12T19:17:58","date_gmt":"2024-03-12T18:17:58","guid":{"rendered":"https:\/\/jugulajm.net\/?p=72566"},"modified":"2024-03-12T19:17:58","modified_gmt":"2024-03-12T18:17:58","slug":"emrat-fotot-gjermani-ja-kush-jane-2-kurdet-qe-vrane-boksierin-shqiptar","status":"publish","type":"post","link":"https:\/\/jugulajm.net\/?p=72566","title":{"rendered":"EMRAT-FOTOT\/ Gjermani, ja kush jan\u00eb 2 kurd\u00ebt q\u00eb vran\u00eb boksierin shqiptar"},"content":{"rendered":"<p>Ayman Dawoud Kirit, 33-vje\u00e7 dhe H\u00fcseyin Akkurt\u00a0 38-vje\u00e7, jan\u00eb dy autor\u00ebt e dyshuar t\u00eb vrasjes s\u00eb ish-kampionit t\u00eb boksit Besar Nimani n\u00eb Gjermani.<\/p>\n<p>Policia gjermane ka dyshime t\u00eb forta se dy kurd\u00ebt kan\u00eb q\u00eblluar baban\u00eb e tre f\u00ebmij\u00ebve t\u00eb premten e kaluar rreth or\u00ebs 18:00 n\u00eb mes t\u00eb qytetit t\u00eb Bielefeld . Dy kurd\u00ebt p\u00ebr momentin jan\u00eb n\u00eb arrati dhe mund t\u00eb ken\u00eb ikur jasht\u00eb Gjermanis\u00eb.<\/p>\n<p>Kjo \u00ebsht\u00eb arsyeja pse policia dhe zyra e prokurorit publik tani i ka shpallur n\u00eb k\u00ebrkim p\u00ebr vrasjen e boksierit shqiptar.<\/p>\n<p>Pas informacioneve t\u00eb marra edhe nga d\u00ebshmitar\u00ebt, policia ka kryer edhe disa kontrolle n\u00eb banesa e apartamente, por pa asnj\u00eb rezultat.<\/p>\n<p>Policia ka paralajm\u00ebruar qytetar\u00ebt p\u00ebr dy kurd\u00ebt, pasi ata mund t\u00eb jen\u00eb t\u00eb armatosur dhe t\u00eb p\u00ebrgatitur p\u00ebr t\u00eb p\u00ebrdorur dhun\u00eb.<\/p>\n<p>Sfondi i krimit dyshohet t\u00eb jet\u00eb nj\u00eb incident i ndodhur rreth tre vjet m\u00eb par\u00eb. N\u00eb at\u00eb koh\u00eb Besar Nimani drejtonte nj\u00eb kiosk\u00eb n\u00eb nj\u00eb qend\u00ebr shkollore.<\/p>\n<p>N\u00eb nj\u00eb moment thuhet se dy kurd\u00ebt jan\u00eb shfaqur dhe e kan\u00eb k\u00ebrc\u00ebnuar.<\/p>\n<p>M\u00eb pas ish-boksieri i ka p\u00ebrz\u00ebn\u00eb p\u00ebrzuri dhe rrahur. Sipas familjes, Besar Nimani \u00ebsht\u00eb k\u00ebrc\u00ebnuar vazhdimisht.<\/p>\n<p>Dit\u00ebn e krimit, ish-boksieri donte t\u00eb merrte nj\u00eb mik nga nj\u00eb berber n\u00eb qytetin Bielefeld.<\/p>\n<p>Ai parkoi makin\u00ebn e tij, &#8220;BMW X5&#8221; n\u00eb fillim t\u00eb zon\u00ebs s\u00eb k\u00ebmb\u00ebsor\u00ebve, doli dhe shkoi drejt berberit.<\/p>\n<p>Papritur u shfaq\u00ebn autor\u00ebt, t\u00eb cil\u00ebt ishin fshehur n\u00eb nj\u00eb der\u00eb dhe hap\u00ebn zjarr.<\/p>\n<p>Nga bresh\u00ebria e plumbave, Besar Nimani u rr\u00ebzua dhe vdiq.<\/p>\n<p>Autor\u00ebt jan\u00eb larguar me makin\u00eb, por mbetet e paqart\u00eb se si ata e dinin se shqiptari do ishte n\u00eb at\u00eb vend pik\u00ebrisht at\u00eb dit\u00eb.<\/p>\n","protected":false},"excerpt":{"rendered":"<p>Ayman Dawoud Kirit, 33-vje\u00e7 dhe H\u00fcseyin Akkurt\u00a0 38-vje\u00e7, jan\u00eb dy autor\u00ebt e dyshuar t\u00eb vrasjes s\u00eb ish-kampionit t\u00eb boksit Besar Nimani n\u00eb Gjermani. Policia gjermane ka dyshime t\u00eb forta se dy kurd\u00ebt kan\u00eb q\u00eblluar baban\u00eb e tre f\u00ebmij\u00ebve t\u00eb premten e kaluar rreth or\u00ebs 18:00 n\u00eb mes t\u00eb qytetit t\u00eb Bielefeld . Dy kurd\u00ebt p\u00ebr [&hellip;]<\/p>\n","protected":false},"author":5,"featured_media":72567,"comment_status":"closed","ping_status":"closed","sticky":false,"template":"","format":"standard","meta":{"footnotes":""},"categories":[1,7664,6332],"tags":[28337,29997],"class_list":{"0":"post-72566","1":"post","2":"type-post","3":"status-publish","4":"format-standard","5":"has-post-thumbnail","7":"category-aktualitet","8":"category-bota","9":"category-te-fundit","10":"tag-emrat-fotot-gjermani","11":"tag-ja-kush-jane-2-kurdet-qe-vrane-boksierin-shqiptar"},"_links":{"self":[{"href":"https:\/\/jugulajm.net\/index.php?rest_route=\/wp\/v2\/posts\/72566","targetHints":{"allow":["GET"]}}],"collection":[{"href":"https:\/\/jugulajm.net\/index.php?rest_route=\/wp\/v2\/posts"}],"about":[{"href":"https:\/\/jugulajm.net\/index.php?rest_route=\/wp\/v2\/types\/post"}],"author":[{"embeddable":true,"href":"https:\/\/jugulajm.net\/index.php?rest_route=\/wp\/v2\/users\/5"}],"replies":[{"embeddable":true,"href":"https:\/\/jugulajm.net\/index.php?rest_route=%2Fwp%2Fv2%2Fcomments&post=72566"}],"version-history":[{"count":0,"href":"https:\/\/jugulajm.net\/index.php?rest_route=\/wp\/v2\/posts\/72566\/revisions"}],"wp:featuredmedia":[{"embeddable":true,"href":"https:\/\/jugulajm.net\/index.php?rest_route=\/wp\/v2\/media\/72567"}],"wp:attachment":[{"href":"https:\/\/jugulajm.net\/index.php?rest_route=%2Fwp%2Fv2%2Fmedia&parent=72566"}],"wp:term":[{"taxonomy":"category","embeddable":true,"href":"https:\/\/jugulajm.net\/index.php?rest_route=%2Fwp%2Fv2%2Fcategories&post=72566"},{"taxonomy":"post_tag","embeddable":true,"href":"https:\/\/jugulajm.net\/index.php?rest_route=%2Fwp%2Fv2%2Ftags&post=72566"}],"curies":[{"name":"wp","href":"https:\/\/api.w.org\/{rel}","templated":true}]}}