{"id":72559,"date":"2024-03-12T16:09:31","date_gmt":"2024-03-12T15:09:31","guid":{"rendered":"https:\/\/jugulajm.net\/?p=72559"},"modified":"2024-03-12T16:09:31","modified_gmt":"2024-03-12T15:09:31","slug":"21-janari-gjykata-e-larte-vendos-qe-tia-kaloje-spak-ut","status":"publish","type":"post","link":"https:\/\/jugulajm.net\/?p=72559","title":{"rendered":"21 janari\/ Gjykata e Lart\u00eb vendos q\u00eb t&#8217;ia kaloj\u00eb SPAK-ut"},"content":{"rendered":"<p>Gjykata e Lart\u00eb ka marr\u00eb vendimin n\u00eb lidhje me rekursin e b\u00ebr\u00eb nga Rajmonda Nika, e veja e Aleks Nik\u00ebs i cili mbeti i vrar\u00eb m\u00eb 21 janar n\u00eb Bulevardin \u201cD\u00ebshmor\u00ebt e Kombit\u201d.<\/p>\n<p>Gjykata e Lart\u00eb pasi d\u00ebgjoi pal\u00ebt vendosi ndryshimin e vendimit t\u00eb Apelit dhe zgjidhjen p\u00ebrfundimisht t\u00eb \u00e7\u00ebshtjes, duke urdh\u00ebruar SPAK t\u00eb regjistroj\u00eb procedimin penal.<\/p>\n<p>Familjar\u00ebt e Aleks Nik\u00ebs, i cili humbi jet\u00ebn m\u00eb 21 janar 2021, kishin k\u00ebrkuar q\u00eb \u00e7\u00ebshtja e 21-janarit t\u00eb hetohej nga SPAK.<\/p>\n<p>Gj\u00eb t\u00eb cil\u00ebn Prokuroria e Posa\u00e7me nuk e pranoi duke e adresuar n\u00eb Prokurorin\u00eb\u00a0 e Tiran\u00ebs.<\/p>\n<p>Familjar\u00ebt b\u00ebn\u00eb rekurs n\u00eb Gjykat\u00ebn\u00a0 e Lart\u00eb, gj\u00eb t\u00eb cil\u00ebn GJL e shqyrtoi sot dhe vendosi pranimin e k\u00ebrkes\u00ebs s\u00eb tyre dhe caktoi Prokurorin\u00eb e Posa\u00e7me p\u00ebr t\u00eb hetuar k\u00ebt\u00eb \u00e7\u00ebshtje.<\/p>\n","protected":false},"excerpt":{"rendered":"<p>Gjykata e Lart\u00eb ka marr\u00eb vendimin n\u00eb lidhje me rekursin e b\u00ebr\u00eb nga Rajmonda Nika, e veja e Aleks Nik\u00ebs i cili mbeti i vrar\u00eb m\u00eb 21 janar n\u00eb Bulevardin \u201cD\u00ebshmor\u00ebt e Kombit\u201d. Gjykata e Lart\u00eb pasi d\u00ebgjoi pal\u00ebt vendosi ndryshimin e vendimit t\u00eb Apelit dhe zgjidhjen p\u00ebrfundimisht t\u00eb \u00e7\u00ebshtjes, duke urdh\u00ebruar SPAK t\u00eb regjistroj\u00eb [&hellip;]<\/p>\n","protected":false},"author":5,"featured_media":52047,"comment_status":"closed","ping_status":"closed","sticky":false,"template":"","format":"standard","meta":{"footnotes":""},"categories":[1,6332,29228],"tags":[29992],"class_list":{"0":"post-72559","1":"post","2":"type-post","3":"status-publish","4":"format-standard","5":"has-post-thumbnail","7":"category-aktualitet","8":"category-te-fundit","9":"category-vendi","10":"tag-21-janari-gjykata-e-larte-vendos-qe-tia-kaloje-spak-ut"},"_links":{"self":[{"href":"https:\/\/jugulajm.net\/index.php?rest_route=\/wp\/v2\/posts\/72559","targetHints":{"allow":["GET"]}}],"collection":[{"href":"https:\/\/jugulajm.net\/index.php?rest_route=\/wp\/v2\/posts"}],"about":[{"href":"https:\/\/jugulajm.net\/index.php?rest_route=\/wp\/v2\/types\/post"}],"author":[{"embeddable":true,"href":"https:\/\/jugulajm.net\/index.php?rest_route=\/wp\/v2\/users\/5"}],"replies":[{"embeddable":true,"href":"https:\/\/jugulajm.net\/index.php?rest_route=%2Fwp%2Fv2%2Fcomments&post=72559"}],"version-history":[{"count":0,"href":"https:\/\/jugulajm.net\/index.php?rest_route=\/wp\/v2\/posts\/72559\/revisions"}],"wp:featuredmedia":[{"embeddable":true,"href":"https:\/\/jugulajm.net\/index.php?rest_route=\/wp\/v2\/media\/52047"}],"wp:attachment":[{"href":"https:\/\/jugulajm.net\/index.php?rest_route=%2Fwp%2Fv2%2Fmedia&parent=72559"}],"wp:term":[{"taxonomy":"category","embeddable":true,"href":"https:\/\/jugulajm.net\/index.php?rest_route=%2Fwp%2Fv2%2Fcategories&post=72559"},{"taxonomy":"post_tag","embeddable":true,"href":"https:\/\/jugulajm.net\/index.php?rest_route=%2Fwp%2Fv2%2Ftags&post=72559"}],"curies":[{"name":"wp","href":"https:\/\/api.w.org\/{rel}","templated":true}]}}