{"id":72530,"date":"2024-03-11T19:57:54","date_gmt":"2024-03-11T18:57:54","guid":{"rendered":"https:\/\/jugulajm.net\/?p=72530"},"modified":"2024-03-11T19:57:54","modified_gmt":"2024-03-11T18:57:54","slug":"vrasja-me-thike-e-19-vjecarit-rreqethin-shoket-e-tij-lotet-per-grein","status":"publish","type":"post","link":"https:\/\/jugulajm.net\/?p=72530","title":{"rendered":"Vrasja me thik\u00eb e 19-vje\u00e7arit, rr\u00ebqethin shok\u00ebt e tij: Lot\u00ebt p\u00ebr Grein&#8230;"},"content":{"rendered":"<p>Grei Bihuci \u00ebsht\u00eb 19-vje\u00e7ari i cili mbeti i vdekur k\u00ebt\u00eb t\u00eb h\u00ebn\u00eb, pasi u q\u00ebllua me thik\u00eb nga Florjan Muka.<\/p>\n<p>Ngjarja e r\u00ebnd\u00eb u regjistrua rreth or\u00ebs 11:30 t\u00eb k\u00ebsaj t\u00eb h\u00ebne n\u00eb qend\u00ebr t\u00eb qytetit t\u00eb Fierit.<\/p>\n<p>Debati mes dy t\u00eb rinjve agravoi deri n\u00eb p\u00ebrdorimin e thik\u00ebs. 18-vje\u00e7ari, Florjan Muka, q\u00eblloi me thik\u00eb 19-vje\u00e7arin i cili fatkeq\u00ebsisht si pasoj\u00eb e plag\u00ebve t\u00eb marra nd\u00ebrroi jet\u00eb n\u00eb spital.<\/p>\n<p>Shok\u00ebt e klas\u00ebs s\u00eb 19-vje\u00e7arit kan\u00eb p\u00ebrlotur me mesazhin prek\u00ebs p\u00ebr shokun e tyre n\u00eb rrjetet sociale.<\/p>\n<p><em>\u201cMe hidh\u00ebrim t\u00eb thell\u00eb njoftojm\u00eb se bangave t\u00eb shkoll\u00ebs son\u00eb, shok\u00ebve, m\u00ebsuesve, prind\u00ebrve dhe dy motrave, do ju mungoj\u00eb Grei Bihuci, ky djal\u00eb i dashur, shembullor, i zgjuar dhe i pap\u00ebrtuar p\u00ebr t\u00eb marr\u00eb dije. Dhimbja dhe lot\u00ebt jan\u00eb t\u00eb pashtersh\u00ebm p\u00ebr ty Grei. I shprehim ngush\u00ebllime t\u00eb p\u00ebrzem\u00ebrta familjar\u00ebve t\u00eb Greit! Qofsh i paharruar n\u00eb zemrat tona\u201d, \u2013 s<\/em>hkruajn\u00eb nx\u00ebn\u00ebsit e shkoll\u00ebs profesionale \u201cPetro Sota\u201d.<\/p>\n<p><iframe loading=\"lazy\" src=\"https:\/\/www.facebook.com\/plugins\/post.php?href=https%3A%2F%2Fwww.facebook.com%2Fpetrosotaa%2Fposts%2Fpfbid0PA4wCQBVRdB7jAHW21xEEG3H5RE7uu5GJHk2MLt2EoDM9Nz81i1iQKf8nH1EnTg1l&amp;show_text=true&amp;width=500\" width=\"500\" height=\"692\" frameborder=\"0\" scrolling=\"no\" allowfullscreen=\"allowfullscreen\" data-gtm-yt-inspected-3=\"true\" data-mce-fragment=\"1\"><\/iframe><\/p>\n<p>Grei Bihuci, ishte nx\u00ebn\u00ebs n\u00eb shkoll\u00ebn profesionale \u201cPetro Sota\u201d. I riu dit\u00ebn e sotme kishte b\u00ebr\u00eb 2 or\u00eb m\u00ebsim dhe ishte larguar nga shkolla.<\/p>\n<p>Nd\u00ebrkoh\u00eb, m\u00ebsohet se ai pas shkoll\u00ebs, pasdite punonte si kamarier n\u00eb nj\u00eb nga pasti\u00e7erit\u00eb e qytetit t\u00eb Fierit.<\/p>\n<p>Dyshohet se sherri mes Grei Bihuci dhe Florjan Muk\u00ebs nisi n\u00eb rrjetet sociale dhe m\u00eb pas degradoi n\u00eb p\u00ebrleshje fizike.<\/p>\n<p>Nga konflikti mbeti i plagosur edhe shoku i viktim\u00ebs Olti Serjanaj, 20 vje\u00e7, i cili nd\u00ebrhyri p\u00ebr ta shp\u00ebtuar.<\/p>\n","protected":false},"excerpt":{"rendered":"<p>Grei Bihuci \u00ebsht\u00eb 19-vje\u00e7ari i cili mbeti i vdekur k\u00ebt\u00eb t\u00eb h\u00ebn\u00eb, pasi u q\u00ebllua me thik\u00eb nga Florjan Muka. Ngjarja e r\u00ebnd\u00eb u regjistrua rreth or\u00ebs 11:30 t\u00eb k\u00ebsaj t\u00eb h\u00ebne n\u00eb qend\u00ebr t\u00eb qytetit t\u00eb Fierit. Debati mes dy t\u00eb rinjve agravoi deri n\u00eb p\u00ebrdorimin e thik\u00ebs. 18-vje\u00e7ari, Florjan Muka, q\u00eblloi me thik\u00eb [&hellip;]<\/p>\n","protected":false},"author":5,"featured_media":72531,"comment_status":"closed","ping_status":"closed","sticky":false,"template":"","format":"standard","meta":{"footnotes":""},"categories":[1,6332,29228],"tags":[29975,29974],"class_list":{"0":"post-72530","1":"post","2":"type-post","3":"status-publish","4":"format-standard","5":"has-post-thumbnail","7":"category-aktualitet","8":"category-te-fundit","9":"category-vendi","10":"tag-rreqethin-shoket-e-tij-lotet-per-grein","11":"tag-vrasja-me-thike-e-19-vjecarit"},"_links":{"self":[{"href":"https:\/\/jugulajm.net\/index.php?rest_route=\/wp\/v2\/posts\/72530","targetHints":{"allow":["GET"]}}],"collection":[{"href":"https:\/\/jugulajm.net\/index.php?rest_route=\/wp\/v2\/posts"}],"about":[{"href":"https:\/\/jugulajm.net\/index.php?rest_route=\/wp\/v2\/types\/post"}],"author":[{"embeddable":true,"href":"https:\/\/jugulajm.net\/index.php?rest_route=\/wp\/v2\/users\/5"}],"replies":[{"embeddable":true,"href":"https:\/\/jugulajm.net\/index.php?rest_route=%2Fwp%2Fv2%2Fcomments&post=72530"}],"version-history":[{"count":0,"href":"https:\/\/jugulajm.net\/index.php?rest_route=\/wp\/v2\/posts\/72530\/revisions"}],"wp:featuredmedia":[{"embeddable":true,"href":"https:\/\/jugulajm.net\/index.php?rest_route=\/wp\/v2\/media\/72531"}],"wp:attachment":[{"href":"https:\/\/jugulajm.net\/index.php?rest_route=%2Fwp%2Fv2%2Fmedia&parent=72530"}],"wp:term":[{"taxonomy":"category","embeddable":true,"href":"https:\/\/jugulajm.net\/index.php?rest_route=%2Fwp%2Fv2%2Fcategories&post=72530"},{"taxonomy":"post_tag","embeddable":true,"href":"https:\/\/jugulajm.net\/index.php?rest_route=%2Fwp%2Fv2%2Ftags&post=72530"}],"curies":[{"name":"wp","href":"https:\/\/api.w.org\/{rel}","templated":true}]}}