{"id":72525,"date":"2024-03-11T17:25:57","date_gmt":"2024-03-11T16:25:57","guid":{"rendered":"https:\/\/jugulajm.net\/?p=72525"},"modified":"2024-03-11T17:25:57","modified_gmt":"2024-03-11T16:25:57","slug":"shqiperia-goditet-nga-stuhia-ciklonare-ja-qytetet-ku-situata-pritet-te-jete-alarmante","status":"publish","type":"post","link":"https:\/\/jugulajm.net\/?p=72525","title":{"rendered":"Shqip\u00ebria goditet nga stuhia ciklonare, ja qytetet ku situata pritet t\u00eb jet\u00eb alarmante&#8230;"},"content":{"rendered":"<p>Stuhia ciklonare q\u00eb ka p\u00ebrfshir\u00eb Shqip\u00ebrin\u00eb ka qen\u00eb problematike p\u00ebr veriper\u00ebndimin dhe qendr\u00ebn e vendit, kryesisht gjat\u00eb mesdit\u00ebs.<\/p>\n<p>Sinoptikanja Lajda Porja nga \u201cMeteoAlb\u201d, tha se disa zona t\u00eb vendit do t\u00eb p\u00ebrfshiheshin nga rrebeshe shiu me stuhi t\u00eb forta ere.<\/p>\n<p>&#8220;Dita m\u00eb problematike \u00ebsht\u00eb dita e sotme, edhe pse ka nisur me vran\u00ebsira, t\u00eb pakt\u00ebn n\u00eb veri pritet q\u00eb nga ora n\u00eb or\u00eb t\u00eb kemi shtim t\u00eb intensitetit t\u00eb reshjeve.<\/p>\n<p>Parashikohet q\u00eb reshjet t\u00eb jen\u00eb problematike nga ora 12:00 deri n\u00eb or\u00ebn 16:00. Kryesisht veriper\u00ebndimi dhe qendra do t\u00eb ket\u00eb rrebeshe shiu, shoq\u00ebruar her\u00eb pas here me stuhi t\u00eb forta ere.<\/p>\n<p>Reshjet do t\u00eb jen\u00eb edhe n\u00eb form\u00ebn e shtr\u00ebngatave duke sjell\u00eb probleme n\u00eb disa zona t\u00eb veriper\u00ebndimit, n\u00eb zonat e Shkodr\u00ebs dhe N\u00ebn Shkodr\u00ebs. Po ashtu, Kruja, Tirana, Elbasani.<\/p>\n<p>Pas or\u00ebs 16:00, presim t\u00eb kemi shtim t\u00eb intensitetit t\u00eb reshjeve, kryesisht n\u00eb zonat jugore, ku do t\u00eb jet\u00eb Gjirokastra, Vlora, P\u00ebrmeti dhe Saranda q\u00eb do t\u00eb marrin rrebeshe shiu, t\u00eb pakt\u00ebn deri n\u00eb or\u00ebt e vona t\u00eb mbr\u00ebmjes.<\/p>\n<p>Deri sonte n\u00eb or\u00ebt e vona t\u00eb mbr\u00ebmjes, moti do t\u00eb jet\u00eb problematik n\u00eb disa zona t\u00eb qyteteve t\u00eb ndryshme t\u00eb Shqip\u00ebris\u00eb dhe sidomos p\u00ebrgjat\u00eb Ult\u00ebsir\u00ebs Per\u00ebndimore duke sjell\u00eb lokalisht dhe reshje intensive, her\u00eb pas here shoq\u00ebruar me stuhi detare.<\/p>\n<p>Jane ciklone tropikale, t\u00eb cilat jan\u00eb prodhuar dhe gjat\u00eb dit\u00ebs s\u00eb djeshme, p\u00ebr shkak t\u00eb temperaturave shum\u00eb t\u00eb larta q\u00eb kemi p\u00ebrjetuar dje. Nd\u00ebrkoh\u00eb, temperaturat vijojn\u00eb t\u00eb jen\u00eb t\u00eb larta, edhe pse kemi reshje, 20 apo mbi 20 grad\u00eb Celsius&#8221;.<\/p>\n<p>Pritet q\u00eb nga e marta t\u00eb kemi nj\u00eb p\u00ebrmir\u00ebsim t\u00eb reshjeve, por s\u00ebrish moti do t\u00eb jet\u00eb i paq\u00ebndruesh\u00ebm deri dit\u00ebn e premte. Me sa duket, 14 Marsi, si\u00e7 e thot\u00eb edhe sinoptikanja Porja, nuk do t\u00eb jet\u00eb nj\u00eb dit\u00eb ideale vere.<\/p>\n<p>&#8220;Ka nj\u00eb p\u00ebrmir\u00ebsim t\u00eb situat\u00ebs s\u00eb reshjeve t\u00eb mart\u00ebn dhe t\u00eb m\u00ebrkur\u00ebn, reshjet q\u00eb do t\u00eb mbeten prezente, do t\u00eb jen\u00eb n\u00eb sasi t\u00eb pak\u00ebta.<\/p>\n<p>Situata m\u00eb problematike do t\u00eb paraqitet sot. Kemi dit\u00ebn e enjte, reshje t\u00eb izoluara edhe \u00ebsht\u00eb Dita e Ver\u00ebs nuk do t\u00eb jet\u00eb ideale vere, do t\u00eb ket\u00eb vran\u00ebsira, do t\u00eb ket\u00eb her\u00eb pas here momente me reshje.<\/p>\n<p>Nuk mund t\u00eb themi situat\u00eb alarmante dhe problematike sikund\u00ebr presim sot pasdite, por do t\u00eb jet\u00eb nj\u00eb mot i paq\u00ebndruesh\u00ebm.\u00a0T\u00eb premten dhe n\u00eb fundjav\u00eb, do t\u00eb kemi p\u00ebrmir\u00ebsim t\u00eb motit. Nuk ka ndryshim kolosal.<\/p>\n<p>Duke filluar nga e marta dhe deri dit\u00ebn e premte, do t\u00eb kemi luhatje t\u00eb leht\u00eb t\u00eb temperaturave do t\u00eb jen\u00eb tipike t\u00eb pranver\u00ebs, ku maksimalet do t\u00eb jen\u00eb 18-19 grad\u00eb Celsius.<\/p>\n<p>M\u00ebngjeset jan\u00eb relativisht t\u00eb ngrohta. Reshjet do t\u00eb jen\u00eb kryesisht shiu n\u00eb t\u00eb gjith\u00eb territorin&#8221;.<\/p>\n","protected":false},"excerpt":{"rendered":"<p>Stuhia ciklonare q\u00eb ka p\u00ebrfshir\u00eb Shqip\u00ebrin\u00eb ka qen\u00eb problematike p\u00ebr veriper\u00ebndimin dhe qendr\u00ebn e vendit, kryesisht gjat\u00eb mesdit\u00ebs. Sinoptikanja Lajda Porja nga \u201cMeteoAlb\u201d, tha se disa zona t\u00eb vendit do t\u00eb p\u00ebrfshiheshin nga rrebeshe shiu me stuhi t\u00eb forta ere. &#8220;Dita m\u00eb problematike \u00ebsht\u00eb dita e sotme, edhe pse ka nisur me vran\u00ebsira, t\u00eb pakt\u00ebn [&hellip;]<\/p>\n","protected":false},"author":5,"featured_media":46557,"comment_status":"closed","ping_status":"closed","sticky":false,"template":"","format":"standard","meta":{"footnotes":""},"categories":[7650,6332,29228],"tags":[29972,29971],"class_list":{"0":"post-72525","1":"post","2":"type-post","3":"status-publish","4":"format-standard","5":"has-post-thumbnail","7":"category-moti","8":"category-te-fundit","9":"category-vendi","10":"tag-ja-qytetet-ku-situata-pritet-te-jete-alarmante","11":"tag-shqiperia-goditet-nga-stuhia-ciklonare"},"_links":{"self":[{"href":"https:\/\/jugulajm.net\/index.php?rest_route=\/wp\/v2\/posts\/72525","targetHints":{"allow":["GET"]}}],"collection":[{"href":"https:\/\/jugulajm.net\/index.php?rest_route=\/wp\/v2\/posts"}],"about":[{"href":"https:\/\/jugulajm.net\/index.php?rest_route=\/wp\/v2\/types\/post"}],"author":[{"embeddable":true,"href":"https:\/\/jugulajm.net\/index.php?rest_route=\/wp\/v2\/users\/5"}],"replies":[{"embeddable":true,"href":"https:\/\/jugulajm.net\/index.php?rest_route=%2Fwp%2Fv2%2Fcomments&post=72525"}],"version-history":[{"count":0,"href":"https:\/\/jugulajm.net\/index.php?rest_route=\/wp\/v2\/posts\/72525\/revisions"}],"wp:featuredmedia":[{"embeddable":true,"href":"https:\/\/jugulajm.net\/index.php?rest_route=\/wp\/v2\/media\/46557"}],"wp:attachment":[{"href":"https:\/\/jugulajm.net\/index.php?rest_route=%2Fwp%2Fv2%2Fmedia&parent=72525"}],"wp:term":[{"taxonomy":"category","embeddable":true,"href":"https:\/\/jugulajm.net\/index.php?rest_route=%2Fwp%2Fv2%2Fcategories&post=72525"},{"taxonomy":"post_tag","embeddable":true,"href":"https:\/\/jugulajm.net\/index.php?rest_route=%2Fwp%2Fv2%2Ftags&post=72525"}],"curies":[{"name":"wp","href":"https:\/\/api.w.org\/{rel}","templated":true}]}}