{"id":72486,"date":"2024-03-10T19:17:33","date_gmt":"2024-03-10T18:17:33","guid":{"rendered":"https:\/\/jugulajm.net\/?p=72486"},"modified":"2024-03-10T19:19:11","modified_gmt":"2024-03-10T18:19:11","slug":"video-gruaja-ben-deklaraten-e-bujshme-kunati-i-martuar-sillte-dashnoret-ne-shtepine-time","status":"publish","type":"post","link":"https:\/\/jugulajm.net\/?p=72486","title":{"rendered":"VIDEO\/ Gruaja b\u00ebn deklarat\u00ebn e bujshme: Kunati i martuar sillte dashnoret n\u00eb sht\u00ebpin\u00eb time&#8230;"},"content":{"rendered":"<p>Debati mes Alm\u00ebs dhe Fatosit, bashk\u00ebshort\u00ebve q\u00eb kan\u00eb ardhur n\u00eb \u201cShihemi n\u00eb Gjyq\u201d \u00ebsht\u00eb mjaft i tensionuar. Alma ndihet e n\u00ebnshtruar nga bashk\u00ebshorti i saj, nd\u00ebrsa ky i fundit pranoi se edhe e ka dhunuar. Revoltimi i saj\u00a0 vjen edhe prej familjes s\u00eb Fatosit q\u00eb sipas pretendimit, ka shfryt\u00ebzuar k\u00ebt\u00eb t\u00eb fundit n\u00eb \u00e7far\u00ebdo m\u00ebnyre.<\/p>\n<p>Sapo merr fjal\u00ebn p\u00ebr t\u00eb shpjeguar an\u00ebn e saj t\u00eb historis\u00eb n\u00eb rubrik\u00ebn e s\u00eb \u201cDiel\u00ebs Shqiptare\u201d n\u00eb Tv Klan, Alma thot\u00eb se kunati i saj sillte n\u00eb sht\u00ebpin\u00eb e tyre edhe vajza me t\u00eb cilat kishte lidhje jasht\u00ebmartesore. D<\/p>\n<p><strong>Alma:\u00a0<\/strong><em>Ky zot\u00ebri 15 vjet mori n\u00eb Itali v\u00ebllain e tij, zotin Xhevdet Petalli q\u00eb mos ia d\u00ebgjofsha m\u00eb z\u00ebrin kurr\u00eb!<\/em><\/p>\n<p><strong>Eni \u00c7obani:\u00a0<\/strong><em>Po tani ne s\u2019kemi t\u00eb drejt\u00eb, ia d\u00ebgjojm\u00eb, s\u2019ia d\u00ebgjojm\u00eb, ia d\u00ebgjon Zoti atij.<\/em><\/p>\n<p><strong>Alma:\u00a0<\/strong><em>Nuk dua t\u2019ia di moj se ai s\u2019ka m\u00ebsuar t\u00eb haj\u00eb buk\u00eb akoma! Kur i bleu dy sht\u00ebpit\u00eb, vinte me ndonj\u00eb prostitut\u00eb n\u00eb sht\u00ebpi\u2026<\/em><\/p>\n<div id=\"section_7\" class=\"bnr-wrapper\" data-google-query-id=\"CImlhaqj6oQDFU8rVQgdZ7cAlA\">\n<div id=\"google_ads_iframe_\/197741849\/klan__section_7_0__container__\"><\/div>\n<\/div>\n<p><strong>Fatos:\u00a0<\/strong><em>Ma kan\u00eb futur prapa kurrizit o zonj\u00eb!<\/em><\/p>\n<p><strong>Eni \u00c7obani:\u00a0<\/strong><em>Me \u00e7far\u00eb vinte?<\/em><\/p>\n<p><strong>Alma:\u00a0<\/strong><em>Vinte me prostitutat e veta n\u00eb sht\u00ebpi. Sht\u00ebpin\u00eb e merrte n\u00eb em\u00ebr t\u00eb gruas s\u00eb vet.\u00a0<\/em>(Publiku reagon i habitur).<\/p>\n<p><strong>Eni \u00c7obani:\u00a0<\/strong><em>Pra ai i fuste, t\u00eb lutem se i thoni shpejt k\u00ebto por k\u00ebto kan\u00eb r\u00ebnd\u00ebsi, m\u00eb fal, fuste gra t\u00eb tjera n\u00eb sht\u00ebpi? Po pse, banonte me ty Xhevdeti?<\/em><\/p>\n<p><strong>Alma:\u00a0<\/strong><em>Banonte me gruan e tij por ngaq\u00eb ishte v\u00eblla i mir\u00eb ky, sillte dashnoret e veta n\u00eb sht\u00ebpin\u00eb time, na fuste n\u00eb sherr neve dhe merrte sht\u00ebpit\u00eb n\u00eb emrin e vet.<\/em><\/p>\n<div class=\"main-video\">\n<div class=\"fit-img-wrapper large video\"><iframe loading=\"lazy\" src=\"https:\/\/www.youtube.com\/embed\/kzJgQ2gnMK4?playsinline=1&amp;rel=0\" width=\"308\" height=\"195.25\" frameborder=\"0\" allowfullscreen=\"allowfullscreen\" data-mce-fragment=\"1\"><\/iframe><\/div>\n<\/div>\n","protected":false},"excerpt":{"rendered":"<p>Debati mes Alm\u00ebs dhe Fatosit, bashk\u00ebshort\u00ebve q\u00eb kan\u00eb ardhur n\u00eb \u201cShihemi n\u00eb Gjyq\u201d \u00ebsht\u00eb mjaft i tensionuar. Alma ndihet e n\u00ebnshtruar nga bashk\u00ebshorti i saj, nd\u00ebrsa ky i fundit pranoi se edhe e ka dhunuar. Revoltimi i saj\u00a0 vjen edhe prej familjes s\u00eb Fatosit q\u00eb sipas pretendimit, ka shfryt\u00ebzuar k\u00ebt\u00eb t\u00eb fundit n\u00eb \u00e7far\u00ebdo m\u00ebnyre. [&hellip;]<\/p>\n","protected":false},"author":5,"featured_media":72487,"comment_status":"closed","ping_status":"closed","sticky":false,"template":"","format":"standard","meta":{"footnotes":""},"categories":[1,6332,29228],"tags":[29951],"class_list":{"0":"post-72486","1":"post","2":"type-post","3":"status-publish","4":"format-standard","5":"has-post-thumbnail","7":"category-aktualitet","8":"category-te-fundit","9":"category-vendi","10":"tag-video-gruaja-ben-deklaraten-e-bujshme-kunati-i-martuar-sillte-dashnoret-ne-shtepine-time"},"_links":{"self":[{"href":"https:\/\/jugulajm.net\/index.php?rest_route=\/wp\/v2\/posts\/72486","targetHints":{"allow":["GET"]}}],"collection":[{"href":"https:\/\/jugulajm.net\/index.php?rest_route=\/wp\/v2\/posts"}],"about":[{"href":"https:\/\/jugulajm.net\/index.php?rest_route=\/wp\/v2\/types\/post"}],"author":[{"embeddable":true,"href":"https:\/\/jugulajm.net\/index.php?rest_route=\/wp\/v2\/users\/5"}],"replies":[{"embeddable":true,"href":"https:\/\/jugulajm.net\/index.php?rest_route=%2Fwp%2Fv2%2Fcomments&post=72486"}],"version-history":[{"count":0,"href":"https:\/\/jugulajm.net\/index.php?rest_route=\/wp\/v2\/posts\/72486\/revisions"}],"wp:featuredmedia":[{"embeddable":true,"href":"https:\/\/jugulajm.net\/index.php?rest_route=\/wp\/v2\/media\/72487"}],"wp:attachment":[{"href":"https:\/\/jugulajm.net\/index.php?rest_route=%2Fwp%2Fv2%2Fmedia&parent=72486"}],"wp:term":[{"taxonomy":"category","embeddable":true,"href":"https:\/\/jugulajm.net\/index.php?rest_route=%2Fwp%2Fv2%2Fcategories&post=72486"},{"taxonomy":"post_tag","embeddable":true,"href":"https:\/\/jugulajm.net\/index.php?rest_route=%2Fwp%2Fv2%2Ftags&post=72486"}],"curies":[{"name":"wp","href":"https:\/\/api.w.org\/{rel}","templated":true}]}}